{"id":10618,"date":"2024-12-19T12:29:38","date_gmt":"2024-12-19T12:29:38","guid":{"rendered":"https:\/\/institutfrancais.ro\/bucuresti\/?p=10618"},"modified":"2025-01-20T12:15:56","modified_gmt":"2025-01-20T12:15:56","slug":"sarbatori-fericite-2","status":"publish","type":"post","link":"https:\/\/institutfrancais.ro\/bucuresti\/fr\/sarbatori-fericite-2\/","title":{"rendered":"S\u0103rb\u0103tori fericite!"},"content":{"rendered":"\n<p class=\"has-text-align-center\"><strong>INSTITUTUL FRANCEZ DIN ROM\u00c2NIA<\/strong> <strong>V\u0102 UREAZ\u0102 S\u0102RB\u0102TORI FERICITE!<\/strong><\/p>\n\n\n\n<p class=\"has-text-align-center\">Serviciul de \u00eenscriere Cursuri \u0219i examene este \u00eenchis \u00eentre <strong>23 decembrie 2024 \u0219i 7 ianuarie 2025 inclusiv.<\/strong><\/p>\n\n\n\n<p class=\"has-text-align-center\">Mediateca este \u00eenchis\u0103 \u00eentre <strong>21 decembrie 2024 \u0219i 7 ianuarie 2025 inclusiv.<\/strong><\/p>\n\n\n\n<p class=\"has-text-align-center\">Biroul Campus France este \u00eenchis \u00eentre <strong>23 decembrie 2024 \u0219i 8 ianuarie 2025 inclusiv.<\/strong><\/p>\n\n\n\n<p class=\"has-text-align-center\">Cinematograful Elvire Popesco este \u00eenchis \u00een zilele de <strong>24, 25, 26, 31 decembrie 2024 \u0219i 1 ianuarie 2025.<\/strong><\/p>\n\n\n\n<p class=\"has-text-align-center\"><\/p>\n\n\n\n<p class=\"has-text-align-center\">*** <\/p>\n\n\n\n<p class=\"has-text-align-center\"><\/p>\n\n\n\n<p class=\"has-text-align-center\"><strong>L\u2019INSTITUT FRAN\u00c7AIS DE ROUMANIE<\/strong> <strong>VOUS SOUHAITE DE JOYEUSES F\u00caTES !<\/strong><\/p>\n\n\n\n<p class=\"has-text-align-center\">Le service des inscriptions aux cours de langues sera ferm\u00e9 <strong>du 23 d\u00e9cembre 2024 au 7 janvier 2025 inclus.<\/strong><\/p>\n\n\n\n<p class=\"has-text-align-center\">La m\u00e9diath\u00e8que sera ferm\u00e9e <strong>du 21 d\u00e9cembre 2024 au 7 janvier 2025 inclus.<\/strong><\/p>\n\n\n\n<p class=\"has-text-align-center\">L\u2019Espace Campus France sera ferm\u00e9 <strong>du 23 d\u00e9cembre 2024 au 8 janvier 2025 inclus.<\/strong><\/p>\n\n\n\n<p class=\"has-text-align-center\">Le cin\u00e9ma Elvire Popesco sera ferm\u00e9 les <strong>24, 25, 26, 31 d\u00e9cembre 2024 et le 1<sup>er<\/sup> janvier 2025.<\/strong><\/p>\n","protected":false},"excerpt":{"rendered":"<p>INSTITUTUL FRANCEZ DIN ROM\u00c2NIA V\u0102 UREAZ\u0102 S\u0102RB\u0102TORI FERICITE! Serviciul de \u00eenscriere Cursuri \u0219i examene este \u00eenchis \u00eentre 23 decembrie 2024 \u0219i 7 ianuarie 2025 inclusiv. Mediateca este \u00eenchis\u0103 \u00eentre 21 decembrie 2024 \u0219i 7 ianuarie 2025 inclusiv. Biroul Campus France este \u00eenchis \u00eentre 23 decembrie 2024 \u0219i 8 ianuarie 2025 inclusiv. Cinematograful Elvire Popesco este [&hellip;]<\/p>\n","protected":false},"author":15,"featured_media":10619,"comment_status":"open","ping_status":"open","sticky":false,"template":"","format":"standard","meta":{"footnotes":""},"categories":[401,402,406],"tags":[],"class_list":["post-10618","post","type-post","status-publish","format-standard","has-post-thumbnail","hentry","category-archive","category-arhiva-2","category-arhiva-fr"],"_links":{"self":[{"href":"https:\/\/institutfrancais.ro\/bucuresti\/fr\/wp-json\/wp\/v2\/posts\/10618","targetHints":{"allow":["GET"]}}],"collection":[{"href":"https:\/\/institutfrancais.ro\/bucuresti\/fr\/wp-json\/wp\/v2\/posts"}],"about":[{"href":"https:\/\/institutfrancais.ro\/bucuresti\/fr\/wp-json\/wp\/v2\/types\/post"}],"author":[{"embeddable":true,"href":"https:\/\/institutfrancais.ro\/bucuresti\/fr\/wp-json\/wp\/v2\/users\/15"}],"replies":[{"embeddable":true,"href":"https:\/\/institutfrancais.ro\/bucuresti\/fr\/wp-json\/wp\/v2\/comments?post=10618"}],"version-history":[{"count":2,"href":"https:\/\/institutfrancais.ro\/bucuresti\/fr\/wp-json\/wp\/v2\/posts\/10618\/revisions"}],"predecessor-version":[{"id":10624,"href":"https:\/\/institutfrancais.ro\/bucuresti\/fr\/wp-json\/wp\/v2\/posts\/10618\/revisions\/10624"}],"wp:featuredmedia":[{"embeddable":true,"href":"https:\/\/institutfrancais.ro\/bucuresti\/fr\/wp-json\/wp\/v2\/media\/10619"}],"wp:attachment":[{"href":"https:\/\/institutfrancais.ro\/bucuresti\/fr\/wp-json\/wp\/v2\/media?parent=10618"}],"wp:term":[{"taxonomy":"category","embeddable":true,"href":"https:\/\/institutfrancais.ro\/bucuresti\/fr\/wp-json\/wp\/v2\/categories?post=10618"},{"taxonomy":"post_tag","embeddable":true,"href":"https:\/\/institutfrancais.ro\/bucuresti\/fr\/wp-json\/wp\/v2\/tags?post=10618"}],"curies":[{"name":"wp","href":"https:\/\/api.w.org\/{rel}","templated":true}]}}