{"id":10830,"date":"2025-02-13T12:23:27","date_gmt":"2025-02-13T12:23:27","guid":{"rendered":"https:\/\/institutfrancais.ro\/bucuresti\/appel-a-candidature-coordinateur-financier-h-f\/"},"modified":"2025-07-22T07:28:47","modified_gmt":"2025-07-22T07:28:47","slug":"appel-a-candidature-coordinateur-financier-h-f","status":"publish","type":"post","link":"https:\/\/institutfrancais.ro\/bucuresti\/fr\/appel-a-candidature-coordinateur-financier-h-f\/","title":{"rendered":"APPEL A CANDIDATURE : coordinateur financier (H\/F)"},"content":{"rendered":"\n<p><strong>Coordinateur \/ coordinatrice financier\/\u00e8re au secr\u00e9tariat g\u00e9n\u00e9ral de l\u2019IFRo<\/strong><\/p>\n\n\n\n<p><strong>Offre d\u2019emploi de l\u2019Institut fran\u00e7ais de Roumanie \u00e0 Bucarest<\/strong><\/p>\n\n\n\n<p><strong>Contexte :<\/strong><\/p>\n\n\n\n<p>L\u2019Institut fran\u00e7ais de Roumanie (IFRo) \u00e0 Bucarest recrute un coordinateur\/une coordinatrice financier\/\u00e8re aupr\u00e8s du secr\u00e9tariat g\u00e9n\u00e9ral de l\u2019IFRo bas\u00e9 \u00e0 Bucarest, 77 Bd. Dacia, secteur 2.<\/p>\n\n\n\n<p><strong>Missions&nbsp;principales :<\/strong><\/p>\n\n\n\n<p>Le titulaire du poste est charg\u00e9 d\u2019assurer dans l\u2019\u00e9quipe du secr\u00e9tariat g\u00e9n\u00e9ral de l\u2019Institut Fran\u00e7ais de Roumanie qui supervise les quatre antennes de Bucarest, Cluj, Iasi et Timisoara la coordination financi\u00e8re, dans le cadre de la comptabilit\u00e9 ordonnateur.<\/p>\n\n\n\n<p><strong>Description du poste&nbsp;:<\/strong><\/p>\n\n\n\n<p><strong><u>Comptabilit\u00e9 ordonnateur<\/u><\/strong><\/p>\n\n\n\n<ul class=\"wp-block-list\">\n<li>V\u00e9rification des saisies dans le progiciel de gestion des gestionnaires dans les antennes, avant validation par les directeurs d\u00e9l\u00e9gu\u00e9s en province ou le secr\u00e9taire g\u00e9n\u00e9ral de l\u2019IFRo&nbsp;;<\/li>\n\n\n\n<li>Contr\u00f4le et traitement de l\u2019ensemble des d\u00e9penses des secteurs Linguistique et Universitaire&nbsp;;<\/li>\n\n\n\n<li>Contr\u00f4le et traitement des recettes des secteurs Linguistique et Universitaire&nbsp;;<\/li>\n\n\n\n<li>V\u00e9rification de la conformit\u00e9 des factures \u00e9mises par les diff\u00e9rents services&nbsp;;<\/li>\n\n\n\n<li>R\u00e9alisation des saisies dans le progiciel de gestion&nbsp;;<\/li>\n\n\n\n<li>Suivi et alimentation des outils de suivi de gestion&nbsp;;<\/li>\n\n\n\n<li>Classement des documents ordonnateur.<\/li>\n<\/ul>\n\n\n\n<p><strong><u>Fonction Achats:<\/u><\/strong><\/p>\n\n\n\n<ul class=\"wp-block-list\">\n<li>Mettre \u00e0 jour la base de donn\u00e9es des fournisseurs (SG);<\/li>\n\n\n\n<li>R\u00e9alisation des appels d\u2019offre dans le processus d\u2019achat (petites fournitures, consommables divers\u2026) sous le contr\u00f4le du SG-adjoint;<\/li>\n\n\n\n<li>R\u00e9alisation des appels d\u2019offre sur les r\u00e9ceptions donn\u00e9es par les diff\u00e9rents services de l\u2019IFRo \u00e0 Bucarest sous le contr\u00f4le du SG-adjoint, en suivant les consignes du prestataire de services Conseil dans ce domaine;<\/li>\n\n\n\n<li>Appui au p\u00f4le communication pour l\u2019ensemble des commandes sous le contr\u00f4le du SG-adjoint;<\/li>\n\n\n\n<li>Appui au responsable informatique pour l\u2019ensemble des commandes de ce service sous le contr\u00f4le du SG-adjoint.<\/li>\n<\/ul>\n\n\n\n<p><strong>Comp\u00e9tences exig\u00e9es :<\/strong><\/p>\n\n\n\n<ul class=\"wp-block-list\">\n<li>Minimum 1 ann\u00e9e d\u2019exp\u00e9rience dans un poste similaire&nbsp;;<\/li>\n\n\n\n<li>Dipl\u00f4me d\u2019\u00e9tudes \u00e9conomiques&nbsp;;<\/li>\n\n\n\n<li>Niveau \u00e9tudes sup\u00e9rieures \u2013 Licence\/Master ;<\/li>\n\n\n\n<li>Tr\u00e8s bonne ma\u00eetrise de l\u2019environnement informatique&nbsp;: Excel, Word et Internet (niveau test\u00e9 lors du recrutement) ;<\/li>\n\n\n\n<li>Connaissances de base de comptabilit\u00e9&nbsp;;<\/li>\n\n\n\n<li>Maitrise de la langue fran\u00e7aise (au moins niveau A2, test de langue lors de l\u2019entretien).<\/li>\n<\/ul>\n\n\n\n<p><strong>Qualit\u00e9s requises :<\/strong><\/p>\n\n\n\n<ul class=\"wp-block-list\">\n<li>Sens des responsabilit\u00e9s, esprit d\u2019initiative et dynamisme&nbsp;;<\/li>\n\n\n\n<li>Sens de l\u2019organisation, rigueur et discr\u00e9tion.<\/li>\n<\/ul>\n\n\n\n<p><strong>Conditions&nbsp;:<\/strong><\/p>\n\n\n\n<p>Une certaine flexibilit\u00e9 de l\u2019emploi du temps de travail est requise, en fonction de l\u2019activit\u00e9 du secteur.<\/p>\n\n\n\n<p>Contrat \u00e0 dur\u00e9e d\u00e9termin\u00e9e d\u2019une ann\u00e9e, soumis \u00e0 une p\u00e9riode d\u2019essai d\u2019un mois. R\u00e9mun\u00e9ration mensuelle brute de 1475 Euros. Treizi\u00e8me mois. Primes de transport et prime de repas.<\/p>\n\n\n\n<p><strong>Modalit\u00e9s&nbsp;:<\/strong><\/p>\n\n\n\n<p>Envoyer <strong>une lettre de motivation et un CV<\/strong> <strong>(en fran\u00e7ais) <\/strong>en version \u00e9lectronique (PDF uniquement) \u00e0 l\u2019adresse mail <a href=\"mailto:recrutement@institutfrancais.ro\">recrutement@institutfrancais.ro<\/a>, en pr\u00e9cisant obligatoirement dans l\u2019objet le poste concern\u00e9 (<strong>Coordinateur \/ coordinatrice financi\u00e8re au secr\u00e9tariat g\u00e9n\u00e9ral de l\u2019IFRo<\/strong>).<\/p>\n\n\n\n<p>Les candidatures incompl\u00e8tes ne seront pas examin\u00e9es.<\/p>\n\n\n\n<p>Seul.e.s les candidat.e.s pr\u00e9s\u00e9lectionn\u00e9.e.s seront invit\u00e9.e.s \u00e0 un entretien.<\/p>\n","protected":false},"excerpt":{"rendered":"<p>Coordinateur \/ coordinatrice financier\/\u00e8re au secr\u00e9tariat g\u00e9n\u00e9ral de l\u2019IFRo Offre d\u2019emploi de l\u2019Institut fran\u00e7ais de Roumanie \u00e0 Bucarest Contexte : L\u2019Institut fran\u00e7ais de Roumanie (IFRo) \u00e0 Bucarest recrute un coordinateur\/une coordinatrice financier\/\u00e8re aupr\u00e8s du secr\u00e9tariat g\u00e9n\u00e9ral de l\u2019IFRo bas\u00e9 \u00e0 Bucarest, 77 Bd. Dacia, secteur 2. Missions&nbsp;principales : Le titulaire du poste est charg\u00e9 d\u2019assurer [&hellip;]<\/p>\n","protected":false},"author":15,"featured_media":7546,"comment_status":"closed","ping_status":"closed","sticky":false,"template":"","format":"standard","meta":{"footnotes":""},"categories":[406],"tags":[],"class_list":["post-10830","post","type-post","status-publish","format-standard","has-post-thumbnail","hentry","category-arhiva-fr"],"_links":{"self":[{"href":"https:\/\/institutfrancais.ro\/bucuresti\/fr\/wp-json\/wp\/v2\/posts\/10830","targetHints":{"allow":["GET"]}}],"collection":[{"href":"https:\/\/institutfrancais.ro\/bucuresti\/fr\/wp-json\/wp\/v2\/posts"}],"about":[{"href":"https:\/\/institutfrancais.ro\/bucuresti\/fr\/wp-json\/wp\/v2\/types\/post"}],"author":[{"embeddable":true,"href":"https:\/\/institutfrancais.ro\/bucuresti\/fr\/wp-json\/wp\/v2\/users\/15"}],"replies":[{"embeddable":true,"href":"https:\/\/institutfrancais.ro\/bucuresti\/fr\/wp-json\/wp\/v2\/comments?post=10830"}],"version-history":[{"count":3,"href":"https:\/\/institutfrancais.ro\/bucuresti\/fr\/wp-json\/wp\/v2\/posts\/10830\/revisions"}],"predecessor-version":[{"id":11488,"href":"https:\/\/institutfrancais.ro\/bucuresti\/fr\/wp-json\/wp\/v2\/posts\/10830\/revisions\/11488"}],"wp:featuredmedia":[{"embeddable":true,"href":"https:\/\/institutfrancais.ro\/bucuresti\/fr\/wp-json\/wp\/v2\/media\/7546"}],"wp:attachment":[{"href":"https:\/\/institutfrancais.ro\/bucuresti\/fr\/wp-json\/wp\/v2\/media?parent=10830"}],"wp:term":[{"taxonomy":"category","embeddable":true,"href":"https:\/\/institutfrancais.ro\/bucuresti\/fr\/wp-json\/wp\/v2\/categories?post=10830"},{"taxonomy":"post_tag","embeddable":true,"href":"https:\/\/institutfrancais.ro\/bucuresti\/fr\/wp-json\/wp\/v2\/tags?post=10830"}],"curies":[{"name":"wp","href":"https:\/\/api.w.org\/{rel}","templated":true}]}}