{"id":11019,"date":"2025-03-10T10:47:50","date_gmt":"2025-03-10T10:47:50","guid":{"rendered":"https:\/\/institutfrancais.ro\/bucuresti\/program-martie-aprilie-2025\/"},"modified":"2025-03-10T10:47:51","modified_gmt":"2025-03-10T10:47:51","slug":"program-martie-aprilie-2025","status":"publish","type":"post","link":"https:\/\/institutfrancais.ro\/bucuresti\/fr\/program-martie-aprilie-2025\/","title":{"rendered":"Program martie aprilie 2025"},"content":{"rendered":"\n<p><strong>MARS, Mois de la francophonie<\/strong><br\/><strong>ENSEMBELE \u2013 UN PRINTEMPS CULTUREL FRAN\u00c7AIS<\/strong><\/p>\n\n<p><strong>1<sup>er<\/sup> mars\u00a0: <a href=\"https:\/\/institutfrancais.ro\/bucuresti\/fr\/evenimente\/piaf-the-show-cu-nathalie-lermitte\/#\/\">PIAF, the Show\u00a0! avec Nathalie Lermitte<\/a><\/strong> | Circul Metropolitan Bucuresti<br\/><strong>5-6 mars\u00a0: \u00a0<a href=\"https:\/\/www.facebook.com\/internationalfest.upb\">Poli International Fest<\/a> <\/strong>| Politehnica Bucarest<br\/><strong>6 mars\u00a0:<\/strong> <strong><a href=\"https:\/\/ifroumanie.bibenligne.fr\/ateliere\">Junior lecteur, atelier de lecture 3-5 ans <\/a>|<\/strong> M\u00e9diath\u00e8que de Bucarest<br\/><strong>14 mars\u00a0: <a href=\"https:\/\/institutfrancais.ro\/bucuresti\/fr\/evenimente\/conferinta-cu-nathalie-marin\/#\/\">Symphonies f\u00e9minines, comment \u00eatre cheffe d\u2019orchestre aujourd\u2019hui<\/a> <\/strong>|<br\/>Conf\u00e9rence avec Nathalie Marin \u00e0 l&rsquo;Universit\u00e9 nationale de musique de Bucarest<\/p>\n\n<p><strong>20-30 mars\u00a0: <a href=\"https:\/\/institutfrancais.ro\/bucuresti\/fr\/evenimente\/festivalul-filmului-francez-2025\/#\/\">Festival du Film Fran\u00e7ais<\/a><\/strong> | Cin\u00e9ma Elvire Popesco<br\/><strong>20 mars\u00a0: Diffusion de l\u2019\u00e9mission\u00a0: Parlez-vous francophonie\u00a0? <\/strong>sur TVR<br\/><strong>24 mars\u00a0: Bach chez Cioran, une trag\u00e9die ang\u00e9lique<\/strong> | ARCUB\u00a0\u00a0<\/p>\n\n<p><strong>26 mars\u00a0: Danser, lire, cr\u00e9er\u2026 grandir<\/strong> | M\u00e9diath\u00e8que de Bucarest<br\/>Atelier cr\u00e9atif + 5 ans\u00a0<br\/>Avec Isabelle Maurel et V\u00e9ronique Massenot<br\/>Partenaire: Lyc\u00e9e fran\u00e7ais Anna de Noailles<\/p>\n\n<p><strong>31\u00a0mars\u00a0: Vers le futur\u00a0: une approche \u00e9cologique pour les institutions culturelles<\/strong> | Atrium<br\/>Avec David Irle, conseiller en soutenabilit\u00e9 dans le secteur culturel<\/p>\n\n<p><\/p>\n\n<p><strong>AVRIL<\/strong><\/p>\n\n<p><strong>3 avril: Artist talk Madeleine Elisabeth Peccoux<\/strong> | Atrium<br\/><strong>4 avril<\/strong> : <strong>Lancement de livre \u00ab\u00a0Ol\u0103ne\u0219tii. Un neam de boieri olteni\u00a0\u00bb<\/strong> | Atrium<br\/><strong>4-13 avril : One World Romania<\/strong> | Cinema Elvire Popesco<br\/><strong>8 avril:\u00a0 Unwanted No More: Voix roms en art et histoire<\/strong> | Atrium<br\/>Dialogue entre Fran\u00e7oise Dallemagne (MUCEM), Cristian P\u0103dure (Universit\u00e9 de Bucarest et Klaus-Michael Bogdal (Universit\u00e9 de Bielefeld)<br\/><br\/><strong>12 et 13 avril\u00a0: Confession de l\u2019adolescence d\u2019Annie Ernaux<\/strong> | Centrul de Teatru Educa\u021bional Replika<br\/>Spectacle pour le jeune public de la Compagnie Depuis l&rsquo;Aube<br\/><br\/><strong>15 avril\u00a0: Aerial &#8211; Franck Tortiller (FR) &amp; Alexandra Lehmler (DE)\u00a0<\/strong>| Goethe Institut Bucarest<strong>\u00a0\u00a0\u00a0\u00a0\u00a0\u00a0\u00a0\u00a0\u00a0\u00a0\u00a0<\/strong><br\/><strong>15 avril \u2013 20 juin\u00a0: Swimathon Bucure\u0219ti. \u00cempreun\u0103 facem valuri de bine<\/strong><\/p>\n","protected":false},"excerpt":{"rendered":"<p>MARS, Mois de la francophonieENSEMBELE \u2013 UN PRINTEMPS CULTUREL FRAN\u00c7AIS 1er mars\u00a0: PIAF, the Show\u00a0! avec Nathalie Lermitte | Circul Metropolitan Bucuresti5-6 mars\u00a0: \u00a0Poli International Fest | Politehnica Bucarest6 mars\u00a0: Junior lecteur, atelier de lecture 3-5 ans | M\u00e9diath\u00e8que de Bucarest14 mars\u00a0: Symphonies f\u00e9minines, comment \u00eatre cheffe d\u2019orchestre aujourd\u2019hui |Conf\u00e9rence avec Nathalie Marin \u00e0 l&rsquo;Universit\u00e9 [&hellip;]<\/p>\n","protected":false},"author":15,"featured_media":11010,"comment_status":"closed","ping_status":"closed","sticky":false,"template":"","format":"standard","meta":{"footnotes":""},"categories":[227,406],"tags":[],"class_list":["post-11019","post","type-post","status-publish","format-standard","has-post-thumbnail","hentry","category-agenda-fr","category-arhiva-fr"],"_links":{"self":[{"href":"https:\/\/institutfrancais.ro\/bucuresti\/fr\/wp-json\/wp\/v2\/posts\/11019","targetHints":{"allow":["GET"]}}],"collection":[{"href":"https:\/\/institutfrancais.ro\/bucuresti\/fr\/wp-json\/wp\/v2\/posts"}],"about":[{"href":"https:\/\/institutfrancais.ro\/bucuresti\/fr\/wp-json\/wp\/v2\/types\/post"}],"author":[{"embeddable":true,"href":"https:\/\/institutfrancais.ro\/bucuresti\/fr\/wp-json\/wp\/v2\/users\/15"}],"replies":[{"embeddable":true,"href":"https:\/\/institutfrancais.ro\/bucuresti\/fr\/wp-json\/wp\/v2\/comments?post=11019"}],"version-history":[{"count":1,"href":"https:\/\/institutfrancais.ro\/bucuresti\/fr\/wp-json\/wp\/v2\/posts\/11019\/revisions"}],"predecessor-version":[{"id":11020,"href":"https:\/\/institutfrancais.ro\/bucuresti\/fr\/wp-json\/wp\/v2\/posts\/11019\/revisions\/11020"}],"wp:featuredmedia":[{"embeddable":true,"href":"https:\/\/institutfrancais.ro\/bucuresti\/fr\/wp-json\/wp\/v2\/media\/11010"}],"wp:attachment":[{"href":"https:\/\/institutfrancais.ro\/bucuresti\/fr\/wp-json\/wp\/v2\/media?parent=11019"}],"wp:term":[{"taxonomy":"category","embeddable":true,"href":"https:\/\/institutfrancais.ro\/bucuresti\/fr\/wp-json\/wp\/v2\/categories?post=11019"},{"taxonomy":"post_tag","embeddable":true,"href":"https:\/\/institutfrancais.ro\/bucuresti\/fr\/wp-json\/wp\/v2\/tags?post=11019"}],"curies":[{"name":"wp","href":"https:\/\/api.w.org\/{rel}","templated":true}]}}