{"id":1210,"date":"2021-03-30T10:46:55","date_gmt":"2021-03-30T10:46:55","guid":{"rendered":"https:\/\/institutfrancais.ro\/bucuresti\/le-programme-nicolae-iorga-aide-locale-apportee-par-linstitut-francais-de-roumanie\/"},"modified":"2021-04-12T15:13:30","modified_gmt":"2021-04-12T15:13:30","slug":"le-programme-nicolae-iorga-aide-locale-apportee-par-linstitut-francais-de-roumanie","status":"publish","type":"post","link":"https:\/\/institutfrancais.ro\/bucuresti\/fr\/le-programme-nicolae-iorga-aide-locale-apportee-par-linstitut-francais-de-roumanie\/","title":{"rendered":"Le programme Nicolae Iorga &#8211; aide locale apport\u00e9e par l\u2019Institut fran\u00e7ais de Roumanie"},"content":{"rendered":"\n<p>Le programme d\u2019aide \u00e0 la publication Nicolae Iorga est un soutien financier, partiel ou total, apport\u00e9 aux \u00e9diteurs roumains pour accompagner la fabrication d\u2019ouvrages initialement publi\u00e9s en fran\u00e7ais. <strong>Le Programme Nicolae Iorga est une aide locale apport\u00e9e par l\u2019Institut fran\u00e7ais de Roumanie.<\/strong><\/p>\n\n\n\n<h4 class=\"wp-block-heading\"><strong>Pour quel type d\u2019ouvrage ?<\/strong><\/h4>\n\n\n\n<p>Tous les genres sont eligibles.\nLa priorit\u00e9 est g\u00e9n\u00e9ralement donn\u00e9e aux moyens et petits \u00e9diteurs porteurs de projets originaux dont la traduction fait sens sur le march\u00e9 roumain.<\/p>\n\n\n\n<h4 class=\"wp-block-heading\"><strong>Crit\u00e8res d\u2019\u00e9ligibilit\u00e9&nbsp;?<\/strong><\/h4>\n\n\n\n<p>Ouvrages de qualit\u00e9 originellement \u00e9crits en langue fran\u00e7aise dont les droits de traduction ont d\u00e9j\u00e0 \u00e9t\u00e9 acquis par l\u2019\u00e9diteur roumain.<br><strong>Attention&nbsp;:<\/strong> l\u2019aide est vers\u00e9e \u00e0 l\u2019\u00e9diteur roumain une fois le livre publi\u00e9 sur pr\u00e9sentation de certains justificatifs.<\/p>\n\n\n\n<h4 class=\"wp-block-heading\">Comment en b\u00e9n\u00e9ficier ?<\/h4>\n\n\n\n<p>Remplir un dossier de candidature: <\/p>\n\n\n\n<ul class=\"wp-block-list\"><li>la pr\u00e9sentation de la maison d\u2019\u00e9dition<\/li><li>1<sup>\u00e8re<\/sup>&nbsp;et 4<sup>\u00e8me&nbsp;<\/sup>de couvertures du livre fran\u00e7ais<\/li><li>contrat de cession de droits sign\u00e9<\/li><li>contrat de traduction sign\u00e9<\/li><li>CV du\/de la traducteur\/trice<\/li><li>document \u00ab PAP aide \u00e0 la publication \u2013 dossier de demande \u00bb<\/li><li>document \u00ab budget \u00bb<\/li><\/ul>\n\n\n\n<h4 class=\"wp-block-heading\">Quelles sont les \u00e9tapes cl\u00e9s du PAP ?<\/h4>\n\n\n\n<div class=\"wp-block-group\"><div class=\"wp-block-group__inner-container is-layout-flow wp-block-group-is-layout-flow\">\n<ul class=\"wp-block-list\" id=\"block-4b952f78-2bac-47c9-b416-a33675467552\"><li><strong>D\u00e9but mai 2021 <\/strong>: appel \u00e0 soumettre un projet<\/li><li><strong>30 septembre 2021<\/strong> : date limite d\u2019envoi des dossiers&nbsp;de demande<\/li><li><strong>15 octobre 2021&nbsp;<\/strong>: annonce des projets retenus<\/li><li><strong>15 mai 2022&nbsp;<\/strong>: date limite d\u2019envoi des exemplaires justificatifs<\/li><\/ul>\n<\/div><\/div>\n\n\n\n<h4 class=\"wp-block-heading\">Qui choisit ?<\/h4>\n\n\n\n<p>Une commission compos\u00e9e de professionnels du livre et de responsables de l\u2019Institut fran\u00e7ais de Roumanie.  <br><\/p>\n\n\n\n<h4 class=\"wp-block-heading\">Autres types d&rsquo;aides<\/h4>\n\n\n\n<p>Le\u00a0<a rel=\"noreferrer noopener\" href=\"https:\/\/centrenationaldulivre.fr\/aides\" data-type=\"URL\" data-id=\"https:\/\/centrenationaldulivre.fr\/aides\" target=\"_blank\">CNL <\/a>soutient financi\u00e8rement les \u00e9diteurs et les traducteurs.<\/p>\n\n\n\n<h4 class=\"wp-block-heading\">Contact<\/h4>\n\n\n\n<p>\ud83d\udce7&nbsp;<a href=\"mailto:roxanne.verron@institutfrancais.ro\" target=\"_blank\" rel=\"noreferrer noopener\">roxanne.verron@institutfrancais.ro<\/a><\/p>\n","protected":false},"excerpt":{"rendered":"<p>Le programme d\u2019aide \u00e0 la publication Nicolae Iorga est un soutien financier, partiel ou total, apport\u00e9 aux \u00e9diteurs roumains pour accompagner la fabrication d\u2019ouvrages initialement publi\u00e9s en fran\u00e7ais. Le Programme Nicolae Iorga est une aide locale apport\u00e9e par l\u2019Institut fran\u00e7ais de Roumanie. Pour quel type d\u2019ouvrage ? Tous les genres sont eligibles. La priorit\u00e9 est [&hellip;]<\/p>\n","protected":false},"author":4,"featured_media":1171,"comment_status":"open","ping_status":"open","sticky":false,"template":"","format":"standard","meta":{"footnotes":""},"categories":[72],"tags":[],"class_list":["post-1210","post","type-post","status-publish","format-standard","has-post-thumbnail","hentry","category-appui-a-la-publication-culture"],"_links":{"self":[{"href":"https:\/\/institutfrancais.ro\/bucuresti\/fr\/wp-json\/wp\/v2\/posts\/1210","targetHints":{"allow":["GET"]}}],"collection":[{"href":"https:\/\/institutfrancais.ro\/bucuresti\/fr\/wp-json\/wp\/v2\/posts"}],"about":[{"href":"https:\/\/institutfrancais.ro\/bucuresti\/fr\/wp-json\/wp\/v2\/types\/post"}],"author":[{"embeddable":true,"href":"https:\/\/institutfrancais.ro\/bucuresti\/fr\/wp-json\/wp\/v2\/users\/4"}],"replies":[{"embeddable":true,"href":"https:\/\/institutfrancais.ro\/bucuresti\/fr\/wp-json\/wp\/v2\/comments?post=1210"}],"version-history":[{"count":16,"href":"https:\/\/institutfrancais.ro\/bucuresti\/fr\/wp-json\/wp\/v2\/posts\/1210\/revisions"}],"predecessor-version":[{"id":1382,"href":"https:\/\/institutfrancais.ro\/bucuresti\/fr\/wp-json\/wp\/v2\/posts\/1210\/revisions\/1382"}],"wp:featuredmedia":[{"embeddable":true,"href":"https:\/\/institutfrancais.ro\/bucuresti\/fr\/wp-json\/wp\/v2\/media\/1171"}],"wp:attachment":[{"href":"https:\/\/institutfrancais.ro\/bucuresti\/fr\/wp-json\/wp\/v2\/media?parent=1210"}],"wp:term":[{"taxonomy":"category","embeddable":true,"href":"https:\/\/institutfrancais.ro\/bucuresti\/fr\/wp-json\/wp\/v2\/categories?post=1210"},{"taxonomy":"post_tag","embeddable":true,"href":"https:\/\/institutfrancais.ro\/bucuresti\/fr\/wp-json\/wp\/v2\/tags?post=1210"}],"curies":[{"name":"wp","href":"https:\/\/api.w.org\/{rel}","templated":true}]}}