{"id":12193,"date":"2026-04-03T12:39:54","date_gmt":"2026-04-03T12:39:54","guid":{"rendered":"https:\/\/institutfrancais.ro\/bucuresti\/?p=12193"},"modified":"2026-04-14T11:50:21","modified_gmt":"2026-04-14T11:50:21","slug":"joyeuses-paques-2","status":"publish","type":"post","link":"https:\/\/institutfrancais.ro\/bucuresti\/fr\/joyeuses-paques-2\/","title":{"rendered":"Joyeuses P\u00e2ques !"},"content":{"rendered":"\n<p>Cu ocazia s\u0103rb\u0103torilor pascale, va inform\u0103m c\u0103 serviciile de <strong>\u00censcrieri Cursuri \u0219i Examene<\/strong>, <strong>&nbsp;Campus France \u0219i Mediateca vor fi <\/strong>\u00eenchise \u00een perioada 4-13 aprilie 2026.<\/p>\n\n\n\n<p><strong>Cinematograful Elvire Popesco<\/strong> va fi \u00eenchis \u00eentre 11-13 aprilie 2026.<\/p>\n\n\n\n<p>\u00cen aceast\u0103 perioad\u0103, ne pute\u021bi reg\u0103si pe:<br><a href=\"http:\/\/www.institutfrancais.ro\">www.institutfrancais.ro<\/a><br><a href=\"http:\/\/www.elvrirepopesco.ro\">www.elvrirepopesco.ro<\/a><br><a href=\"http:\/\/www.ifroumaniebibenligne.fr\">www.ifroumaniebibenligne.fr<\/a><br><a href=\"http:\/\/www.culturetheque.com\">www.culturetheque.com<\/a><\/p>\n","protected":false},"excerpt":{"rendered":"<p>Cu ocazia s\u0103rb\u0103torilor pascale, va inform\u0103m c\u0103 serviciile de \u00censcrieri Cursuri \u0219i Examene, &nbsp;Campus France \u0219i Mediateca vor fi \u00eenchise \u00een perioada 4-13 aprilie 2026. Cinematograful Elvire Popesco va fi \u00eenchis \u00eentre 11-13 aprilie 2026. \u00cen aceast\u0103 perioad\u0103, ne pute\u021bi reg\u0103si pe:www.institutfrancais.rowww.elvrirepopesco.rowww.ifroumaniebibenligne.frwww.culturetheque.com<\/p>\n","protected":false},"author":15,"featured_media":12194,"comment_status":"open","ping_status":"open","sticky":false,"template":"","format":"standard","meta":{"footnotes":""},"categories":[401,406,2],"tags":[],"class_list":["post-12193","post","type-post","status-publish","format-standard","has-post-thumbnail","hentry","category-archive","category-arhiva-fr","category-examens-et-certifications-cursuri-si-examene-fr"],"_links":{"self":[{"href":"https:\/\/institutfrancais.ro\/bucuresti\/fr\/wp-json\/wp\/v2\/posts\/12193","targetHints":{"allow":["GET"]}}],"collection":[{"href":"https:\/\/institutfrancais.ro\/bucuresti\/fr\/wp-json\/wp\/v2\/posts"}],"about":[{"href":"https:\/\/institutfrancais.ro\/bucuresti\/fr\/wp-json\/wp\/v2\/types\/post"}],"author":[{"embeddable":true,"href":"https:\/\/institutfrancais.ro\/bucuresti\/fr\/wp-json\/wp\/v2\/users\/15"}],"replies":[{"embeddable":true,"href":"https:\/\/institutfrancais.ro\/bucuresti\/fr\/wp-json\/wp\/v2\/comments?post=12193"}],"version-history":[{"count":1,"href":"https:\/\/institutfrancais.ro\/bucuresti\/fr\/wp-json\/wp\/v2\/posts\/12193\/revisions"}],"predecessor-version":[{"id":12196,"href":"https:\/\/institutfrancais.ro\/bucuresti\/fr\/wp-json\/wp\/v2\/posts\/12193\/revisions\/12196"}],"wp:featuredmedia":[{"embeddable":true,"href":"https:\/\/institutfrancais.ro\/bucuresti\/fr\/wp-json\/wp\/v2\/media\/12194"}],"wp:attachment":[{"href":"https:\/\/institutfrancais.ro\/bucuresti\/fr\/wp-json\/wp\/v2\/media?parent=12193"}],"wp:term":[{"taxonomy":"category","embeddable":true,"href":"https:\/\/institutfrancais.ro\/bucuresti\/fr\/wp-json\/wp\/v2\/categories?post=12193"},{"taxonomy":"post_tag","embeddable":true,"href":"https:\/\/institutfrancais.ro\/bucuresti\/fr\/wp-json\/wp\/v2\/tags?post=12193"}],"curies":[{"name":"wp","href":"https:\/\/api.w.org\/{rel}","templated":true}]}}