{"id":12299,"date":"2026-04-28T07:06:00","date_gmt":"2026-04-28T07:06:00","guid":{"rendered":"https:\/\/institutfrancais.ro\/bucuresti\/artistes-selectionnes-residences-de-recherche-en-roumanie-2026\/"},"modified":"2026-04-28T07:08:46","modified_gmt":"2026-04-28T07:08:46","slug":"artistes-selectionnes-residences-de-recherche-en-roumanie-2026","status":"publish","type":"post","link":"https:\/\/institutfrancais.ro\/bucuresti\/fr\/artistes-selectionnes-residences-de-recherche-en-roumanie-2026\/","title":{"rendered":"Artistes s\u00e9lectionn\u00e9s \u2013 r\u00e9sidences de recherche en Roumanie 2026"},"content":{"rendered":"\n<h3 class=\"wp-block-heading\"><strong>R\u00e9sidences en Roumanie pour jeunes artistes dipl\u00f4m\u00e9s d\u2019\u00e9coles d\u2019art fran\u00e7aises 2026<\/strong><\/h3>\n\n\n\n<h4 class=\"wp-block-heading\"><strong>R\u00e9sultats des s\u00e9lections<\/strong><\/h4>\n\n\n\n<p>L\u2019Institut fran\u00e7ais de Roumanie a le plaisir d\u2019annoncer les candidats retenus pour la 2e \u00e9dition de son programme de recherche artistique en Roumanie&nbsp;:<\/p>\n\n\n\n<ul class=\"wp-block-list\">\n<li><a href=\"https:\/\/www.instagram.com\/maelle_tocaben\/\"><strong>Maelle Tocaben<\/strong><\/a> \u2013 r\u00e9sidence \u00e0 Bucarest \u00e0 Collectif Stol x Pharmakon<\/li>\n\n\n\n<li><a href=\"https:\/\/www.instagram.com\/sebastien_schnyder\/\"><strong>S\u00e9bastien Schnyder<\/strong><\/a> \u2013 r\u00e9sidence \u00e0 Bucarest \u00e0 Rezidenta 9<\/li>\n\n\n\n<li><a href=\"https:\/\/www.instagram.com\/luciebonnet_\"><strong>Lucie Bonnet<\/strong><\/a> &amp; Annabelle Martella \u2013 r\u00e9sidence \u00e0 Cetate Arts Danube dans le sud-ouest de la Roumanie<\/li>\n\n\n\n<li><a href=\"https:\/\/antonio-del-vecchio.com\/\"><strong>Antonio del Vecchio<\/strong><\/a> \u2013 r\u00e9sidence \u00e0 Cluj-Napoca au Centrul Cultural Clujean<\/li>\n\n\n\n<li><a href=\"https:\/\/www.instagram.com\/eliot__stein\/\"><strong>Eliot Stein <\/strong><\/a>&nbsp;\u2013 r\u00e9sidence \u00e0 Ia\u0219i \u00e0 \u021aib\u0103ne\u0219ti<\/li>\n\n\n\n<li><a href=\"https:\/\/www.instagram.com\/___anananas\"><strong>Hanna Lee<\/strong> <\/a>&nbsp;\u2013 r\u00e9sidence \u00e0 Timi\u0219oara \u00e0 Art Encounters<\/li>\n<\/ul>\n\n\n\n<p>Ce programme est le fruit d\u2019un partenariat engag\u00e9 entre l\u2019Institut fran\u00e7ais de Roumanie et huit structures culturelles reconnues pour leur engagement en faveur de la cr\u00e9ation contemporaine : la <strong>Fondation Art Encounters<\/strong> de Timi\u0219oara, la <strong>Galerie Borderline<\/strong> de Ia\u0219i et <strong>l\u2019Association Maria<\/strong> de Tib\u0103ne\u0219ti, <strong>Reziden\u021ba9&nbsp;; collectif Stol et la galerie Pharmakon<\/strong> \u00e0 Bucarest, le <strong>Centre culturel clujois <\/strong>\u00e0 Cluj-Napoca et <strong>Cetate Arts Danube<\/strong>.<\/p>\n\n\n\n<p>En mettant en commun leurs expertises et leurs r\u00e9seaux, ces partenaires s\u2019engagent \u00e0 offrir aux jeunes artistes un cadre propice au d\u00e9veloppement de projets ambitieux, \u00e0 l\u2019intersection de la recherche, de la cr\u00e9ation et du dialogue interculturel<\/p>\n\n\n\n<p>Les artistes b\u00e9n\u00e9ficieront d\u2019une<strong> r\u00e9sidence d\u2019un mois<\/strong> au sein de l\u2019une des structures roumaines partenaires ainsi que d\u2019un<strong> s\u00e9minaire <\/strong>en ligne en amont, pour les sensibiliser aux enjeux d\u2019une r\u00e9sidence de recherche et aux opportunit\u00e9s offertes par le r\u00e9seau culturel europ\u00e9en.<\/p>\n\n\n\n<p><strong>F\u00e9licitations \u00e0 toutes et tous et au plaisir de vous accueillir&nbsp;!<\/strong><\/p>\n\n\n\n<p><a href=\"https:\/\/institutfrancais.ro\/bucuresti\/fr\/category\/residents-residence-de-poche\/residents-2025\/#\/\"><strong>D\u00e9couvrez ici les retours de r\u00e9sidence de nos laur\u00e9ats 2025<\/strong><\/a><\/p>\n","protected":false},"excerpt":{"rendered":"<p>R\u00e9sidences en Roumanie pour jeunes artistes dipl\u00f4m\u00e9s d\u2019\u00e9coles d\u2019art fran\u00e7aises 2026 R\u00e9sultats des s\u00e9lections L\u2019Institut fran\u00e7ais de Roumanie a le plaisir d\u2019annoncer les candidats retenus pour la 2e \u00e9dition de son programme de recherche artistique en Roumanie&nbsp;: Ce programme est le fruit d\u2019un partenariat engag\u00e9 entre l\u2019Institut fran\u00e7ais de Roumanie et huit structures culturelles reconnues [&hellip;]<\/p>\n","protected":false},"author":3,"featured_media":12297,"comment_status":"closed","ping_status":"closed","sticky":false,"template":"","format":"standard","meta":{"footnotes":""},"categories":[77],"tags":[],"class_list":["post-12299","post","type-post","status-publish","format-standard","has-post-thumbnail","hentry","category-residents-residence-de-poche"],"_links":{"self":[{"href":"https:\/\/institutfrancais.ro\/bucuresti\/fr\/wp-json\/wp\/v2\/posts\/12299","targetHints":{"allow":["GET"]}}],"collection":[{"href":"https:\/\/institutfrancais.ro\/bucuresti\/fr\/wp-json\/wp\/v2\/posts"}],"about":[{"href":"https:\/\/institutfrancais.ro\/bucuresti\/fr\/wp-json\/wp\/v2\/types\/post"}],"author":[{"embeddable":true,"href":"https:\/\/institutfrancais.ro\/bucuresti\/fr\/wp-json\/wp\/v2\/users\/3"}],"replies":[{"embeddable":true,"href":"https:\/\/institutfrancais.ro\/bucuresti\/fr\/wp-json\/wp\/v2\/comments?post=12299"}],"version-history":[{"count":2,"href":"https:\/\/institutfrancais.ro\/bucuresti\/fr\/wp-json\/wp\/v2\/posts\/12299\/revisions"}],"predecessor-version":[{"id":12302,"href":"https:\/\/institutfrancais.ro\/bucuresti\/fr\/wp-json\/wp\/v2\/posts\/12299\/revisions\/12302"}],"wp:featuredmedia":[{"embeddable":true,"href":"https:\/\/institutfrancais.ro\/bucuresti\/fr\/wp-json\/wp\/v2\/media\/12297"}],"wp:attachment":[{"href":"https:\/\/institutfrancais.ro\/bucuresti\/fr\/wp-json\/wp\/v2\/media?parent=12299"}],"wp:term":[{"taxonomy":"category","embeddable":true,"href":"https:\/\/institutfrancais.ro\/bucuresti\/fr\/wp-json\/wp\/v2\/categories?post=12299"},{"taxonomy":"post_tag","embeddable":true,"href":"https:\/\/institutfrancais.ro\/bucuresti\/fr\/wp-json\/wp\/v2\/tags?post=12299"}],"curies":[{"name":"wp","href":"https:\/\/api.w.org\/{rel}","templated":true}]}}