{"id":13160,"date":"2026-09-01T09:57:35","date_gmt":"2026-09-01T09:57:35","guid":{"rendered":"https:\/\/institutfrancais.ro\/bucuresti\/?p=13160"},"modified":"2026-09-01T13:52:02","modified_gmt":"2026-09-01T13:52:02","slug":"ami-impuls-proposez-votre-projet-a-linstitut-francais-de-roumanie","status":"publish","type":"post","link":"https:\/\/institutfrancais.ro\/bucuresti\/fr\/ami-impuls-proposez-votre-projet-a-linstitut-francais-de-roumanie\/","title":{"rendered":"Appel \u00e0 manifestation d&rsquo;int\u00e9r\u00eat IMPULS \u2013 Proposez votre projet \u00e0 l\u2019Institut fran\u00e7ais de Roumanie"},"content":{"rendered":"\n<p class=\"wp-block-paragraph\"><\/p>\n\n\n\n<p class=\"wp-block-paragraph\">Vous avez un projet culturel et souhaitez d\u00e9velopper une collaboration avec l\u2019Institut fran\u00e7ais de Roumanie ?<\/p>\n\n\n\n<p class=\"wp-block-paragraph\">Dans le cadre de l&rsquo;appel \u00e0 manifestation d&rsquo;int\u00e9r\u00eat<strong> IMPULS<\/strong>, l\u2019Institut fran\u00e7ais de Roumanie recueille et analyse les propositions de projets port\u00e9es par des artistes, professionnels, associations, institutions et autres acteurs culturels en Roumanie.<\/p>\n\n\n\n<p class=\"wp-block-paragraph\">L&rsquo;appel \u00e0 manifestation d&rsquo;int\u00e9r\u00eat IMPULS a pour objectif de soutenir et d\u2019accompagner des initiatives culturelles pr\u00e9sentant un int\u00e9r\u00eat pour les \u00e9changes franco-roumains et pour le d\u00e9veloppement de la coop\u00e9ration culturelle. Le soutien de l\u2019Institut fran\u00e7ais peut prendre diff\u00e9rentes formes, en fonction de la nature et des besoins de chaque projet.<\/p>\n\n\n\n<p class=\"wp-block-paragraph\"><\/p>\n\n\n\n<h3 class=\"wp-block-heading\">Quels types de projets ?<\/h3>\n\n\n\n<p class=\"wp-block-paragraph\"><\/p>\n\n\n\n<p class=\"wp-block-paragraph\">Les propositions peuvent notamment concerner les domaines suivants :<\/p>\n\n\n\n<ul class=\"wp-block-list\">\n<li>Architecture, design et urbanisme<\/li>\n\n\n\n<li>Arts visuels, mus\u00e9es et patrimoine<\/li>\n\n\n\n<li>Cin\u00e9ma et audiovisuel<\/li>\n\n\n\n<li>Institutions culturelles et coop\u00e9ration internationale<\/li>\n\n\n\n<li>Livre et \u00e9dition<\/li>\n\n\n\n<li>Management culturel<\/li>\n\n\n\n<li>Musique<\/li>\n\n\n\n<li>Arts du spectacle<\/li>\n<\/ul>\n\n\n\n<p class=\"wp-block-paragraph\">Une attention particuli\u00e8re peut \u00eatre accord\u00e9e aux projets li\u00e9s \u00e0 la <strong>cr\u00e9ation contemporaine<\/strong> ainsi qu\u2019aux initiatives favorisant les \u00e9changes, les collaborations ou la mise en r\u00e9seau des acteurs culturels.<\/p>\n\n\n\n<p class=\"wp-block-paragraph\"><\/p>\n\n\n\n<h3 class=\"wp-block-heading\">Quel type de soutien peut \u00eatre sollicit\u00e9 ?<\/h3>\n\n\n\n<p class=\"wp-block-paragraph\"><\/p>\n\n\n\n<p class=\"wp-block-paragraph\">Selon les caract\u00e9ristiques du projet, les demandes peuvent notamment porter sur :<\/p>\n\n\n\n<ul class=\"wp-block-list\">\n<li>la communication et la diffusion d\u2019informations ;<\/li>\n\n\n\n<li>la mobilit\u00e9 ;<\/li>\n\n\n\n<li>la mise en relation avec des partenaires ;<\/li>\n\n\n\n<li>la mise \u00e0 disposition d\u2019espaces ;<\/li>\n\n\n\n<li>un soutien financier ;<\/li>\n\n\n\n<li>d\u2019autres formes d\u2019accompagnement, \u00e0 pr\u00e9ciser dans le formulaire.<\/li>\n<\/ul>\n\n\n\n<p class=\"wp-block-paragraph\"><\/p>\n\n\n\n<h3 class=\"wp-block-heading\">Comment proposer un projet ?<\/h3>\n\n\n\n<p class=\"wp-block-paragraph\"><\/p>\n\n\n\n<p class=\"wp-block-paragraph\">Afin de permettre \u00e0 nos \u00e9quipes d\u2019identifier et d\u2019analyser plus efficacement les propositions re\u00e7ues, <strong><a href=\"https:\/\/forms.cloud.microsoft\/e\/B5xXS9i7fx\">toute proposition de projet doit \u00eatre soumise via le formulaire d\u00e9di\u00e9<\/a><\/strong>.<\/p>\n\n\n\n<p class=\"wp-block-paragraph\">Le formulaire est disponible en fran\u00e7ais et en roumain et permet de pr\u00e9senter le projet, ses objectifs, son public cible, son calendrier, ainsi que le type de soutien sollicit\u00e9 aupr\u00e8s de l\u2019Institut fran\u00e7ais de Roumanie.<\/p>\n\n\n\n<p class=\"wp-block-paragraph\">Les propositions sont examin\u00e9es par les \u00e9quipes de l\u2019Institut fran\u00e7ais de Roumanie en fonction de la nature du projet, de sa pertinence au regard de nos priorit\u00e9s et des possibilit\u00e9s de collaboration et de soutien disponibles.<\/p>\n\n\n\n<p class=\"wp-block-paragraph\"><strong>La soumission du formulaire ne garantit pas l\u2019obtention d\u2019un financement ou d\u2019un soutien de la part de l\u2019Institut fran\u00e7ais de Roumanie.<\/strong><\/p>\n\n\n\n<p class=\"wp-block-paragraph\">Pour toute proposition de projet, nous vous invitons \u00e0 utiliser le formulaire d\u00e9di\u00e9 plut\u00f4t que d\u2019envoyer une demande par e-mail.<\/p>\n\n\n\n<p class=\"wp-block-paragraph\"><\/p>\n","protected":false},"excerpt":{"rendered":"<p>Vous avez un projet culturel et souhaitez d\u00e9velopper une collaboration avec l\u2019Institut fran\u00e7ais de Roumanie ? Dans le cadre de l&rsquo;appel \u00e0 manifestation d&rsquo;int\u00e9r\u00eat IMPULS, l\u2019Institut fran\u00e7ais de Roumanie recueille et analyse les propositions de projets port\u00e9es par des artistes, professionnels, associations, institutions et autres acteurs culturels en Roumanie. L&rsquo;appel \u00e0 manifestation d&rsquo;int\u00e9r\u00eat IMPULS a [&hellip;]<\/p>\n","protected":false},"author":15,"featured_media":13158,"comment_status":"open","ping_status":"open","sticky":false,"template":"","format":"standard","meta":{"footnotes":""},"categories":[73,370],"tags":[],"class_list":["post-13160","post","type-post","status-publish","format-standard","has-post-thumbnail","hentry","category-appui-a-la-creation-artistique","category-nouveautes"],"_links":{"self":[{"href":"https:\/\/institutfrancais.ro\/bucuresti\/fr\/wp-json\/wp\/v2\/posts\/13160","targetHints":{"allow":["GET"]}}],"collection":[{"href":"https:\/\/institutfrancais.ro\/bucuresti\/fr\/wp-json\/wp\/v2\/posts"}],"about":[{"href":"https:\/\/institutfrancais.ro\/bucuresti\/fr\/wp-json\/wp\/v2\/types\/post"}],"author":[{"embeddable":true,"href":"https:\/\/institutfrancais.ro\/bucuresti\/fr\/wp-json\/wp\/v2\/users\/15"}],"replies":[{"embeddable":true,"href":"https:\/\/institutfrancais.ro\/bucuresti\/fr\/wp-json\/wp\/v2\/comments?post=13160"}],"version-history":[{"count":7,"href":"https:\/\/institutfrancais.ro\/bucuresti\/fr\/wp-json\/wp\/v2\/posts\/13160\/revisions"}],"predecessor-version":[{"id":13245,"href":"https:\/\/institutfrancais.ro\/bucuresti\/fr\/wp-json\/wp\/v2\/posts\/13160\/revisions\/13245"}],"wp:featuredmedia":[{"embeddable":true,"href":"https:\/\/institutfrancais.ro\/bucuresti\/fr\/wp-json\/wp\/v2\/media\/13158"}],"wp:attachment":[{"href":"https:\/\/institutfrancais.ro\/bucuresti\/fr\/wp-json\/wp\/v2\/media?parent=13160"}],"wp:term":[{"taxonomy":"category","embeddable":true,"href":"https:\/\/institutfrancais.ro\/bucuresti\/fr\/wp-json\/wp\/v2\/categories?post=13160"},{"taxonomy":"post_tag","embeddable":true,"href":"https:\/\/institutfrancais.ro\/bucuresti\/fr\/wp-json\/wp\/v2\/tags?post=13160"}],"curies":[{"name":"wp","href":"https:\/\/api.w.org\/{rel}","templated":true}]}}