{"id":13203,"date":"2026-08-31T07:23:57","date_gmt":"2026-08-31T07:23:57","guid":{"rendered":"https:\/\/institutfrancais.ro\/bucuresti\/?p=13203"},"modified":"2026-08-31T09:05:30","modified_gmt":"2026-08-31T09:05:30","slug":"agenda-culturelle-septembre-2026","status":"publish","type":"post","link":"https:\/\/institutfrancais.ro\/bucuresti\/fr\/agenda-culturelle-septembre-2026\/","title":{"rendered":"Agenda culturel : Septembre 2026"},"content":{"rendered":"\n<p class=\"wp-block-paragraph\"><br>En septembre, l\u2019Institut fran\u00e7ais de Roumanie donne le coup d\u2019envoi de la nouvelle saison culturelle avec une programmation qui r\u00e9unit danse contemporaine, litt\u00e9rature, arts visuels, musique et nouvelles formes de cr\u00e9ation, ainsi que de nombreux projets r\u00e9alis\u00e9s en partenariat avec des institutions et des festivals roumains.<\/p>\n\n\n\n<p class=\"wp-block-paragraph\"><\/p>\n\n\n\n<div data-wp-interactive=\"core\/file\" class=\"wp-block-file\"><object data-wp-bind--hidden=\"!state.hasPdfPreview\" hidden class=\"wp-block-file__embed\" data=\"https:\/\/institutfrancais.ro\/bucuresti\/wp-content\/uploads\/sites\/2\/2026\/08\/Afis-cultural-septembrie-2026-1.pdf\" type=\"application\/pdf\" style=\"width:100%;height:600px\" aria-label=\"Contenu embarqu\u00e9 Afis cultural septembrie 2026.\"><\/object><a id=\"wp-block-file--media-d2226109-d2bc-4de2-8980-8fb8024ad8a2\" href=\"https:\/\/institutfrancais.ro\/bucuresti\/wp-content\/uploads\/sites\/2\/2026\/08\/Afis-cultural-septembrie-2026-1.pdf\">Afis cultural septembrie 2026<\/a><a href=\"https:\/\/institutfrancais.ro\/bucuresti\/wp-content\/uploads\/sites\/2\/2026\/08\/Afis-cultural-septembrie-2026-1.pdf\" class=\"wp-block-file__button wp-element-button\" download aria-describedby=\"wp-block-file--media-d2226109-d2bc-4de2-8980-8fb8024ad8a2\">Descarc\u0103<\/a><\/div>\n\n\n\n<p class=\"wp-block-paragraph\"><\/p>\n\n\n\n<h3 class=\"wp-block-heading\"><strong>Les temps forts du mois<\/strong><\/h3>\n\n\n\n<p class=\"wp-block-paragraph\"><\/p>\n\n\n\n<p class=\"wp-block-paragraph\"><strong>CONNECT DANCE<\/strong> revient en septembre avec des spectacles de danse contemporaine sign\u00e9s Rebecca Journo et Sol\u00e8ne Weinachter, pr\u00e9sent\u00e9s \u00e0 Constan\u021ba, Bucarest et Craiova. \u00c0 Bucarest, le spectacle <strong>AFTER ALL<\/strong>, de Sol\u00e8ne Weinachter, sera pr\u00e9sent\u00e9 le 8 septembre au Centre national de la danse de Bucarest.<\/p>\n\n\n\n<p class=\"wp-block-paragraph\">Dans le domaine des arts visuels, l\u2019exposition <strong>\u00ab Regarde l\u2019Ukraine \u2013 Un r\u00e9cit fractur\u00e9 de l\u2019ind\u00e9pendance de l\u2019Ukraine \u00bb<\/strong>, d\u2019Oleksandr Glyadyelov, pourra \u00eatre visit\u00e9e du 10 septembre au 10 octobre \u00e0 l\u2019Institut fran\u00e7ais.<\/p>\n\n\n\n<p class=\"wp-block-paragraph\">Le mois de septembre sera \u00e9galement marqu\u00e9 par plusieurs rencontres litt\u00e9raires. Le 15 septembre, le po\u00e8te <strong>Yekta<\/strong> sera invit\u00e9 \u00e0 la librairie Kyralina, dans le cadre du Festival international de po\u00e9sie de Bucarest. Le 18 septembre, l\u2019Institut fran\u00e7ais accueillera une rencontre avec les po\u00e9tesses fran\u00e7aises <strong>B\u00e9atrice Bonhomme, Carole Carcillo Mesrobian et Catherine Pont-Humbert<\/strong>, anim\u00e9e par Magda C\u00e2rneci. Le 23 septembre, l\u2019\u00e9crivain <strong>Kamel Daoud<\/strong> participera \u00e0 une discussion consacr\u00e9e aux d\u00e9fis de la litt\u00e9rature dans le contexte du monde contemporain, anim\u00e9e par Adina Dini\u021boiu.<\/p>\n\n\n\n<p class=\"wp-block-paragraph\">Dans le domaine de l\u2019architecture et du design, la <strong>Biennale d\u2019architecture de Timi\u0219oara (BETA)<\/strong> propose, du 4 septembre au 16 octobre, le th\u00e8me <strong>\u00ab In Practice, as opposed to \u201cIn Theory\u201d \u00bb<\/strong>, avec des \u00e9v\u00e9nements \u00e0 Timi\u0219oara et \u00e0 Bucarest. Le 18 septembre, la <strong>Local Design Awards Gala<\/strong> accueillera Jean-Michel G\u00e9ridan, directeur du Signe \u2013 Centre national du design graphique.<\/p>\n\n\n\n<p class=\"wp-block-paragraph\">La programmation musicale comprend <strong>Mastering the Music Business (MMB)<\/strong>, du 1er au 3 septembre, ainsi que le <strong>Festival Orizont Sonor<\/strong>, organis\u00e9 par l\u2019Institut fran\u00e7ais de Roumanie et le Goethe-Institut de Roumanie, les 24 et 25 septembre.<\/p>\n\n\n\n<p class=\"wp-block-paragraph\">C\u00f4t\u00e9 cin\u00e9ma, le <strong>Cinema Elvire Popesco<\/strong> poursuit ses collaborations avec des festivals et des institutions culturelles \u00e0 travers la R\u00e9trospective Anonimul, le Laboratoire d\u2019interaction avec le film, la projection sp\u00e9ciale de <em>Can You Hear Me?<\/em>, une soir\u00e9e consacr\u00e9e \u00e0 Michael Haneke, la Nuit blanche du film roumain et le BIEFF.<\/p>\n\n\n\n<p class=\"wp-block-paragraph\">Le calendrier complet des \u00e9v\u00e9nements du mois de septembre est disponible dans le document joint.<\/p>\n\n\n\n<p class=\"wp-block-paragraph\"><\/p>\n","protected":false},"excerpt":{"rendered":"<p>En septembre, l\u2019Institut fran\u00e7ais de Roumanie donne le coup d\u2019envoi de la nouvelle saison culturelle avec une programmation qui r\u00e9unit danse contemporaine, litt\u00e9rature, arts visuels, musique et nouvelles formes de cr\u00e9ation, ainsi que de nombreux projets r\u00e9alis\u00e9s en partenariat avec des institutions et des festivals roumains. Les temps forts du mois CONNECT DANCE revient en [&hellip;]<\/p>\n","protected":false},"author":15,"featured_media":13202,"comment_status":"open","ping_status":"open","sticky":false,"template":"","format":"standard","meta":{"footnotes":""},"categories":[232,370,74],"tags":[],"class_list":["post-13203","post","type-post","status-publish","format-standard","has-post-thumbnail","hentry","category-evenimente-fr","category-nouveautes","category-programme-cinema-elvire-popesco"],"_links":{"self":[{"href":"https:\/\/institutfrancais.ro\/bucuresti\/fr\/wp-json\/wp\/v2\/posts\/13203","targetHints":{"allow":["GET"]}}],"collection":[{"href":"https:\/\/institutfrancais.ro\/bucuresti\/fr\/wp-json\/wp\/v2\/posts"}],"about":[{"href":"https:\/\/institutfrancais.ro\/bucuresti\/fr\/wp-json\/wp\/v2\/types\/post"}],"author":[{"embeddable":true,"href":"https:\/\/institutfrancais.ro\/bucuresti\/fr\/wp-json\/wp\/v2\/users\/15"}],"replies":[{"embeddable":true,"href":"https:\/\/institutfrancais.ro\/bucuresti\/fr\/wp-json\/wp\/v2\/comments?post=13203"}],"version-history":[{"count":3,"href":"https:\/\/institutfrancais.ro\/bucuresti\/fr\/wp-json\/wp\/v2\/posts\/13203\/revisions"}],"predecessor-version":[{"id":13224,"href":"https:\/\/institutfrancais.ro\/bucuresti\/fr\/wp-json\/wp\/v2\/posts\/13203\/revisions\/13224"}],"wp:featuredmedia":[{"embeddable":true,"href":"https:\/\/institutfrancais.ro\/bucuresti\/fr\/wp-json\/wp\/v2\/media\/13202"}],"wp:attachment":[{"href":"https:\/\/institutfrancais.ro\/bucuresti\/fr\/wp-json\/wp\/v2\/media?parent=13203"}],"wp:term":[{"taxonomy":"category","embeddable":true,"href":"https:\/\/institutfrancais.ro\/bucuresti\/fr\/wp-json\/wp\/v2\/categories?post=13203"},{"taxonomy":"post_tag","embeddable":true,"href":"https:\/\/institutfrancais.ro\/bucuresti\/fr\/wp-json\/wp\/v2\/tags?post=13203"}],"curies":[{"name":"wp","href":"https:\/\/api.w.org\/{rel}","templated":true}]}}