{"id":13251,"date":"2026-09-01T14:20:47","date_gmt":"2026-09-01T14:20:47","guid":{"rendered":"https:\/\/institutfrancais.ro\/bucuresti\/?p=13251"},"modified":"2026-09-01T14:52:06","modified_gmt":"2026-09-01T14:52:06","slug":"deux-prix-pour-le-compositeur-francais-adrien-sassier-au-concours-international-george-enescu","status":"publish","type":"post","link":"https:\/\/institutfrancais.ro\/bucuresti\/fr\/deux-prix-pour-le-compositeur-francais-adrien-sassier-au-concours-international-george-enescu\/","title":{"rendered":"Deux prix pour le compositeur fran\u00e7ais Adrien Sassier au Concours international \u00ab George Enescu \u00bb"},"content":{"rendered":"\n<p class=\"wp-block-paragraph\">Le compositeur fran\u00e7ais <strong>Adrien Sassier<\/strong>, \u00e2g\u00e9 de 29 ans, a obtenu deux distinctions dans le cadre de la <strong>section Composition<\/strong> du Concours international \u00ab George Enescu \u00bb 2026.<\/p>\n\n\n\n<p class=\"wp-block-paragraph\">Adrien Sassier a re\u00e7u le <strong>Prix sp\u00e9cial pour l\u2019Originalit\u00e9<\/strong> pour son \u0153uvre <em>R\u00eaves en fleur<\/em>, ainsi que le <strong>Prix de la section Musique de chambre<\/strong> pour son \u0153uvre <em>Les Ailes du d\u00e9sespoir<\/em>.<\/p>\n\n\n\n<p class=\"wp-block-paragraph\">La section Composition du Concours international \u00ab George Enescu \u00bb est organis\u00e9e autour de trois sous-sections : <strong>Originalit\u00e9, Musique de chambre et Musique symphonique<\/strong>. Elle r\u00e9unit de jeunes compositeurs et des cr\u00e9ations contemporaines venues du monde entier.<\/p>\n\n\n\n<p class=\"wp-block-paragraph\">Cette double distinction t\u00e9moigne de la belle pr\u00e9sence fran\u00e7aise au sein de l\u2019\u00e9dition 2026 du Concours, plac\u00e9e sous le th\u00e8me <strong>\u00ab \u00c0 la recherche de l\u2019excellence \u00bb<\/strong>, et contribue \u00e0 renforcer les liens entre les sc\u00e8nes musicales fran\u00e7aise et roumaine.<\/p>\n\n\n\n<p class=\"wp-block-paragraph\">L\u2019Institut fran\u00e7ais de Roumanie adresse ses <strong>plus sinc\u00e8res f\u00e9licitations \u00e0 Adrien Sassier<\/strong> pour cette double distinction et lui souhaite beaucoup de succ\u00e8s dans la poursuite de son parcours artistique !<\/p>\n","protected":false},"excerpt":{"rendered":"<p>Le compositeur fran\u00e7ais Adrien Sassier, \u00e2g\u00e9 de 29 ans, a obtenu deux distinctions dans le cadre de la section Composition du Concours international \u00ab George Enescu \u00bb 2026. Adrien Sassier a re\u00e7u le Prix sp\u00e9cial pour l\u2019Originalit\u00e9 pour son \u0153uvre R\u00eaves en fleur, ainsi que le Prix de la section Musique de chambre pour son [&hellip;]<\/p>\n","protected":false},"author":15,"featured_media":13268,"comment_status":"open","ping_status":"open","sticky":false,"template":"","format":"standard","meta":{"footnotes":""},"categories":[420],"tags":[],"class_list":["post-13251","post","type-post","status-publish","format-standard","has-post-thumbnail","hentry","category-musique"],"_links":{"self":[{"href":"https:\/\/institutfrancais.ro\/bucuresti\/fr\/wp-json\/wp\/v2\/posts\/13251","targetHints":{"allow":["GET"]}}],"collection":[{"href":"https:\/\/institutfrancais.ro\/bucuresti\/fr\/wp-json\/wp\/v2\/posts"}],"about":[{"href":"https:\/\/institutfrancais.ro\/bucuresti\/fr\/wp-json\/wp\/v2\/types\/post"}],"author":[{"embeddable":true,"href":"https:\/\/institutfrancais.ro\/bucuresti\/fr\/wp-json\/wp\/v2\/users\/15"}],"replies":[{"embeddable":true,"href":"https:\/\/institutfrancais.ro\/bucuresti\/fr\/wp-json\/wp\/v2\/comments?post=13251"}],"version-history":[{"count":1,"href":"https:\/\/institutfrancais.ro\/bucuresti\/fr\/wp-json\/wp\/v2\/posts\/13251\/revisions"}],"predecessor-version":[{"id":13254,"href":"https:\/\/institutfrancais.ro\/bucuresti\/fr\/wp-json\/wp\/v2\/posts\/13251\/revisions\/13254"}],"wp:featuredmedia":[{"embeddable":true,"href":"https:\/\/institutfrancais.ro\/bucuresti\/fr\/wp-json\/wp\/v2\/media\/13268"}],"wp:attachment":[{"href":"https:\/\/institutfrancais.ro\/bucuresti\/fr\/wp-json\/wp\/v2\/media?parent=13251"}],"wp:term":[{"taxonomy":"category","embeddable":true,"href":"https:\/\/institutfrancais.ro\/bucuresti\/fr\/wp-json\/wp\/v2\/categories?post=13251"},{"taxonomy":"post_tag","embeddable":true,"href":"https:\/\/institutfrancais.ro\/bucuresti\/fr\/wp-json\/wp\/v2\/tags?post=13251"}],"curies":[{"name":"wp","href":"https:\/\/api.w.org\/{rel}","templated":true}]}}