{"id":13257,"date":"2026-09-01T14:36:52","date_gmt":"2026-09-01T14:36:52","guid":{"rendered":"https:\/\/institutfrancais.ro\/bucuresti\/?p=13257"},"modified":"2026-09-01T14:43:10","modified_gmt":"2026-09-01T14:43:10","slug":"anca-lupes-decoree-de-lordre-des-arts-et-des-lettres","status":"publish","type":"post","link":"https:\/\/institutfrancais.ro\/bucuresti\/fr\/anca-lupes-decoree-de-lordre-des-arts-et-des-lettres\/","title":{"rendered":"Anca Lupe\u0219, d\u00e9cor\u00e9e de l\u2019Ordre des Arts et des Lettres"},"content":{"rendered":"\n<p class=\"wp-block-paragraph\">Le 27 ao\u00fbt 2026, \u00e0 l\u2019Ambassade de France en Roumanie, Anca Lupe\u0219 a \u00e9t\u00e9 d\u00e9cor\u00e9e du grade de chevali\u00e8re de l\u2019Ordre des Arts et des Lettres, en reconnaissance de son engagement en faveur de la sc\u00e8ne musicale roumaine, de la coop\u00e9ration europ\u00e9enne et internationale et du dialogue entre les cultures.<\/p>\n\n\n\n<p class=\"wp-block-paragraph\">Figure reconnue de l\u2019industrie musicale roumaine, Anca Lupe\u0219 a contribu\u00e9 depuis de nombreuses ann\u00e9es \u00e0 la professionnalisation et \u00e0 l\u2019ouverture internationale du secteur. En 2016, elle a fond\u00e9 <strong>Mastering the Music Business (MMB)<\/strong>, devenue l\u2019une des principales conf\u00e9rences professionnelles consacr\u00e9es \u00e0 l\u2019industrie musicale en Roumanie et un espace important de rencontre entre artistes, professionnels et acteurs internationaux.<\/p>\n\n\n\n<p class=\"wp-block-paragraph\">\u00c0 travers ses diff\u00e9rentes activit\u00e9s, notamment au sein de <strong>RAW Music<\/strong>, de <strong>MMB<\/strong> et du bureau roumain d\u2019export de la musique, Anca Lupe\u0219 joue \u00e9galement un r\u00f4le important dans le d\u00e9veloppement des \u00e9changes entre la sc\u00e8ne musicale roumaine, fran\u00e7aise et europ\u00e9enne.<\/p>\n\n\n\n<p class=\"wp-block-paragraph\">Cette distinction vient ainsi saluer un parcours plac\u00e9 sous le signe de la coop\u00e9ration, de la transmission et de la cr\u00e9ation de nouvelles passerelles entre les professionnels de la musique.<\/p>\n\n\n\n<p class=\"wp-block-paragraph\">L\u2019Institut fran\u00e7ais de Roumanie adresse toutes ses f\u00e9licitations \u00e0 Anca Lupe\u0219 pour cette distinction et se r\u00e9jouit de poursuivre, \u00e0 travers ses projets et partenariats, le dialogue franco-roumain dans le domaine de la culture et de la musique.<\/p>\n","protected":false},"excerpt":{"rendered":"<p>Le 27 ao\u00fbt 2026, \u00e0 l\u2019Ambassade de France en Roumanie, Anca Lupe\u0219 a \u00e9t\u00e9 d\u00e9cor\u00e9e du grade de chevali\u00e8re de l\u2019Ordre des Arts et des Lettres, en reconnaissance de son engagement en faveur de la sc\u00e8ne musicale roumaine, de la coop\u00e9ration europ\u00e9enne et internationale et du dialogue entre les cultures. Figure reconnue de l\u2019industrie musicale [&hellip;]<\/p>\n","protected":false},"author":15,"featured_media":13258,"comment_status":"open","ping_status":"open","sticky":false,"template":"","format":"standard","meta":{"footnotes":""},"categories":[418],"tags":[],"class_list":["post-13257","post","type-post","status-publish","format-standard","has-post-thumbnail","hentry","category-culture"],"_links":{"self":[{"href":"https:\/\/institutfrancais.ro\/bucuresti\/fr\/wp-json\/wp\/v2\/posts\/13257","targetHints":{"allow":["GET"]}}],"collection":[{"href":"https:\/\/institutfrancais.ro\/bucuresti\/fr\/wp-json\/wp\/v2\/posts"}],"about":[{"href":"https:\/\/institutfrancais.ro\/bucuresti\/fr\/wp-json\/wp\/v2\/types\/post"}],"author":[{"embeddable":true,"href":"https:\/\/institutfrancais.ro\/bucuresti\/fr\/wp-json\/wp\/v2\/users\/15"}],"replies":[{"embeddable":true,"href":"https:\/\/institutfrancais.ro\/bucuresti\/fr\/wp-json\/wp\/v2\/comments?post=13257"}],"version-history":[{"count":1,"href":"https:\/\/institutfrancais.ro\/bucuresti\/fr\/wp-json\/wp\/v2\/posts\/13257\/revisions"}],"predecessor-version":[{"id":13260,"href":"https:\/\/institutfrancais.ro\/bucuresti\/fr\/wp-json\/wp\/v2\/posts\/13257\/revisions\/13260"}],"wp:featuredmedia":[{"embeddable":true,"href":"https:\/\/institutfrancais.ro\/bucuresti\/fr\/wp-json\/wp\/v2\/media\/13258"}],"wp:attachment":[{"href":"https:\/\/institutfrancais.ro\/bucuresti\/fr\/wp-json\/wp\/v2\/media?parent=13257"}],"wp:term":[{"taxonomy":"category","embeddable":true,"href":"https:\/\/institutfrancais.ro\/bucuresti\/fr\/wp-json\/wp\/v2\/categories?post=13257"},{"taxonomy":"post_tag","embeddable":true,"href":"https:\/\/institutfrancais.ro\/bucuresti\/fr\/wp-json\/wp\/v2\/tags?post=13257"}],"curies":[{"name":"wp","href":"https:\/\/api.w.org\/{rel}","templated":true}]}}