{"id":5106,"date":"2022-09-21T09:41:00","date_gmt":"2022-09-21T09:41:00","guid":{"rendered":"https:\/\/institutfrancais.ro\/bucuresti\/cours-en-ligne-de-roumain\/"},"modified":"2022-12-08T15:27:01","modified_gmt":"2022-12-08T15:27:01","slug":"cours-en-ligne-de-roumain","status":"publish","type":"post","link":"https:\/\/institutfrancais.ro\/bucuresti\/fr\/cours-en-ligne-de-roumain\/","title":{"rendered":"Cours de roumain"},"content":{"rendered":"\n<p>Comprendre et se faire comprendre rapidement est essentiel lorsqu&rsquo;on s&rsquo;installe dans un pays \u00e9tranger. Dispens\u00e9s par des formateurs natifs, nos cours de roumain privil\u00e9gient la pratique et accordent une place importante \u00e0 \u00ab\u00a0la langue roumaine de tous les jours\u00a0\u00bb.<\/p>\n\n\n\n<p>L\u2019Institut fran\u00e7ais de Roumanie propose les formules suivantes :<\/p>\n\n\n\n<p>\u2013 cours individuels<\/p>\n\n\n\n<p>\u2013 cours en petits groupes<\/p>\n\n\n\n<p>\u2013 cours en entreprise<\/p>\n\n\n\n<p>\u2013 sessions extensives de 30 heures<\/p>\n\n\n\n<ul class=\"wp-block-list\" id=\"block-4fc99201-58e9-4b38-ac4f-842bd63d89a3\"><li>Rythme d&rsquo;\u00e9tude : 2 s\u00e9ances\/semaine, le matin (10h00\u201312h00) ou le soir (18h30\u201320h30)<\/li><li>Groupes de maximum 5 personnes<\/li><\/ul>\n\n\n\n<p><\/p>\n\n\n\n<figure class=\"wp-block-table\"><table><tbody><tr><td class=\"has-text-align-center\" data-align=\"center\"><strong>Urm\u0103toarele cursuri se vor desf\u0103\u015fura online din 17 octombrie pan\u0103 pe 9 decembrie<\/strong><br>\u00censcrieri doar de la distan\u021b\u0103 din 3 p\u00e2n\u0103 pe 11 octombrie&nbsp;prin completarea formularului&nbsp;<a href=\"https:\/\/docs.google.com\/forms\/d\/1CvkRxyZug0517D-GqrNzII-DNfx8nc3QRirGEF-jtFk\/edit\"><strong>https:\/\/InscriptionCoursDeRoumain<\/strong><\/a><\/td><\/tr><\/tbody><\/table><\/figure>\n\n\n\n<p><\/p>\n\n\n\n<p><b>Sessions<\/b><strong> extensives 2022<\/strong><\/p>\n\n\n\n<figure class=\"wp-block-table\"><table><thead><tr><td><strong>SESSIONS<\/strong><\/td><td><strong>INSCRIPTIONS<\/strong><\/td><td><strong>TARIFS<\/strong><\/td><\/tr><\/thead><tbody><tr><td><b>Session<\/b><strong> EXTENSIVE en ligne<\/strong>&nbsp;07\/02&nbsp;&#8211;&nbsp;31\/03<\/td><td>25\/01&nbsp;&#8211;&nbsp;01\/02<\/td><td>1200 LEI<\/td><\/tr><tr><td><b>Session<\/b><strong> EXTENSIVE en ligne <\/strong>19\/04&nbsp;&#8211;&nbsp;22\/06<\/td><td>4&nbsp;&#8211;&nbsp;12\/04<\/td><td>1200 LEI<\/td><\/tr><tr><td><b>Session<\/b><strong> EXTENSIVE en ligne <\/strong>24\/10&nbsp;&#8211;&nbsp;16\/12<\/td><td>3&nbsp;&#8211;&nbsp;18\/10<\/td><td>1200 LEI<\/td><\/tr><\/tbody><\/table><\/figure>\n\n\n\n<p>*<strong><a href=\"https:\/\/institutfrancais.ro\/bucuresti\/wp-content\/uploads\/sites\/2\/2022\/05\/Conditions-generales-CRO-online-2022.pdf\"><span class=\"has-inline-color has-luminous-vivid-orange-color\">Conditions g<u>\u00e9<\/u>n<u>\u00e9<\/u>rales<\/span><\/a><\/strong><\/p>\n\n\n\n<p>*<strong><a href=\"https:\/\/institutfrancais.ro\/bucuresti\/wp-content\/uploads\/sites\/2\/2021\/10\/Ghid_utilizare_zoom.pdf\">Le guide d\u2019utilisation Zoom<\/a><\/strong><\/p>\n\n\n\n<div class=\"wp-block-buttons is-content-justification-center is-layout-flex wp-container-core-buttons-is-layout-16018d1d wp-block-buttons-is-layout-flex\">\n<div class=\"wp-block-button\"><a class=\"wp-block-button__link has-white-color has-vivid-cyan-blue-background-color has-text-color has-background\" href=\"https:\/\/docs.google.com\/forms\/d\/1CvkRxyZug0517D-GqrNzII-DNfx8nc3QRirGEF-jtFk\/viewform?edit_requested=true\"><strong>Cliquez ici pour s&rsquo;inscrire<\/strong><\/a><\/div>\n<\/div>\n\n\n\n<div class='kiosque-aec'><div\n data-module='classes'\n data-action='courses-selection-tiles'\n data-param-etablishment-branch-id='12'\n data-param-period-id=''\n data-param-classification-id='2'\n data-param-subject-id='2'\n data-param-class-type-id='82'\n data-param-main-level=''\n data-param-levels-to-filter-by=''\n data-param-localization=''\n data-param-class-format-id=''\n data-param-show-filter-choices='1'\n data-param-lang='fr_FR'><\/div><\/div>\n\n\n\n<p>CONTACT<\/p>\n\n\n\n<p>0374 125&nbsp;209\/ 0374 125&nbsp;224<\/p>\n\n\n\n<p><a href=\"http:\/\/inscri@institutfrancais.ro\/\">inscri@institutfrancais.ro<\/a><\/p>\n","protected":false},"excerpt":{"rendered":"<p>Comprendre et se faire comprendre rapidement est essentiel lorsqu&rsquo;on s&rsquo;installe dans un pays \u00e9tranger. Dispens\u00e9s par des formateurs natifs, nos cours de roumain privil\u00e9gient la pratique et accordent une place importante \u00e0 \u00ab\u00a0la langue roumaine de tous les jours\u00a0\u00bb. L\u2019Institut fran\u00e7ais de Roumanie propose les formules suivantes : \u2013 cours individuels \u2013 cours en petits [&hellip;]<\/p>\n","protected":false},"author":2,"featured_media":5048,"comment_status":"open","ping_status":"open","sticky":false,"template":"","format":"standard","meta":{"footnotes":""},"categories":[233,234,38],"tags":[],"class_list":["post-5106","post","type-post","status-publish","format-standard","has-post-thumbnail","hentry","category-apprendre-le-roumain","category-cours-en-ligne-fr","category-cursuri-si-examene-fr"],"_links":{"self":[{"href":"https:\/\/institutfrancais.ro\/bucuresti\/fr\/wp-json\/wp\/v2\/posts\/5106","targetHints":{"allow":["GET"]}}],"collection":[{"href":"https:\/\/institutfrancais.ro\/bucuresti\/fr\/wp-json\/wp\/v2\/posts"}],"about":[{"href":"https:\/\/institutfrancais.ro\/bucuresti\/fr\/wp-json\/wp\/v2\/types\/post"}],"author":[{"embeddable":true,"href":"https:\/\/institutfrancais.ro\/bucuresti\/fr\/wp-json\/wp\/v2\/users\/2"}],"replies":[{"embeddable":true,"href":"https:\/\/institutfrancais.ro\/bucuresti\/fr\/wp-json\/wp\/v2\/comments?post=5106"}],"version-history":[{"count":11,"href":"https:\/\/institutfrancais.ro\/bucuresti\/fr\/wp-json\/wp\/v2\/posts\/5106\/revisions"}],"predecessor-version":[{"id":5622,"href":"https:\/\/institutfrancais.ro\/bucuresti\/fr\/wp-json\/wp\/v2\/posts\/5106\/revisions\/5622"}],"wp:featuredmedia":[{"embeddable":true,"href":"https:\/\/institutfrancais.ro\/bucuresti\/fr\/wp-json\/wp\/v2\/media\/5048"}],"wp:attachment":[{"href":"https:\/\/institutfrancais.ro\/bucuresti\/fr\/wp-json\/wp\/v2\/media?parent=5106"}],"wp:term":[{"taxonomy":"category","embeddable":true,"href":"https:\/\/institutfrancais.ro\/bucuresti\/fr\/wp-json\/wp\/v2\/categories?post=5106"},{"taxonomy":"post_tag","embeddable":true,"href":"https:\/\/institutfrancais.ro\/bucuresti\/fr\/wp-json\/wp\/v2\/tags?post=5106"}],"curies":[{"name":"wp","href":"https:\/\/api.w.org\/{rel}","templated":true}]}}