{"id":6951,"date":"2023-09-06T13:05:18","date_gmt":"2023-09-06T13:05:18","guid":{"rendered":"https:\/\/institutfrancais.ro\/bucuresti\/apel-la-candidatura-pentru-consiliul-tinerilor-ifro\/"},"modified":"2025-08-18T08:39:05","modified_gmt":"2025-08-18T08:39:05","slug":"apel-la-candidatura-pentru-consiliul-tinerilor-ifro","status":"publish","type":"post","link":"https:\/\/institutfrancais.ro\/bucuresti\/fr\/apel-la-candidatura-pentru-consiliul-tinerilor-ifro\/","title":{"rendered":"APPEL \u00c0 CANDIDATURES pour le Conseil des Jeunes de l\u2019IFRo"},"content":{"rendered":"\n<p><strong>\ud83d\udce3 <\/strong><strong>Rejoins le Conseil consultatif des Jeunes de l\u2019Institut fran\u00e7ais de Roumanie !<\/strong><\/p>\n\n\n\n<p class=\"has-vivid-cyan-blue-color has-text-color\"><strong>Appel \u00e0 candidatures<\/strong> <strong>ouvert jusqu\u2019au 24 septembre !<\/strong><\/p>\n\n\n\n<p>Fond\u00e9 en 2022, le Conseil consultatif des Jeunes a pour ambition de rapprocher l\u2019Institut fran\u00e7ais de Roumanie de la jeunesse roumaine en coop\u00e9rant sur des projets communs et en donnant \u00e0 des jeunes l\u2019opportunit\u00e9 de d\u00e9velopper leurs comp\u00e9tences techniques et interpersonnelles.<\/p>\n\n\n\n<p>Compos\u00e9 de 9 jeunes \u00e2g\u00e9es de 16 \u00e0 26 ans, le Conseil a d\u00e9j\u00e0&nbsp;:<\/p>\n\n\n\n<p>\u2705 co-con\u00e7u la quatri\u00e8me \u00e9dition du <strong>Forum des Initiatives de la Jeunesse<\/strong> ;<\/p>\n\n\n\n<p>\u2705 organis\u00e9 et anim\u00e9 un atelier sur les discriminations&nbsp;;<\/p>\n\n\n\n<p>\u2705 particip\u00e9 \u00e0 la mise en place d\u2019un appel \u00e0 projet visant \u00e0 soutenir les initiatives citoyennes port\u00e9es par et pour la Jeunesse.<\/p>\n\n\n\n<p><strong>Le Conseil des Jeunes est fait pour toi si tu cherches \u00e0<\/strong>&nbsp;:<\/p>\n\n\n\n<p>\u2705 pratiquer le fran\u00e7ais et renforcer ta ma\u00eetrise de cette langue ;<\/p>\n\n\n\n<p>\u2705 t\u2019initier aux relations internationales, \u00e0 la diplomatie et \u00e0 la gestion de projet en lien avec l\u2019Institut Fran\u00e7ais et l\u2019Ambassade de France en Roumanie ;<\/p>\n\n\n\n<p>\u2705 d\u00e9velopper ton r\u00e9seau en organisant et en participant \u00e0 des \u00e9v\u00e9nements de l\u2019Institut fran\u00e7ais de Roumanie ;<\/p>\n\n\n\n<p>\u2705 b\u00e9n\u00e9ficier d\u2019une inscription gratuite aux cours collectifs de langue fran\u00e7aise de l\u2019Institut fran\u00e7ais de Roumanie \u00e0 Bucarest.<\/p>\n\n\n\n<p>\ud83d\udd0d Pour en savoir plus sur les conditions et modalit\u00e9s de candidature<\/p>\n\n\n\n<p>\ud83d\udc49 <a href=\"https:\/\/ro.ambafrance.org\/APPEL-A-CANDIDATURES-le-Conseil-des-Jeunes-de-l-Institut-francais-de-Roumanie-s\">https:\/\/ro.ambafrance.org\/APPEL-A-CANDIDATURES-le-Conseil-des-Jeunes-de-l-Institut-francais-de-Roumanie-s<\/a><strong><u><\/u><\/strong><\/p>\n","protected":false},"excerpt":{"rendered":"<p>Rejoins le Conseil consultatif des Jeunes de l\u2019Institut fran\u00e7ais de Roumanie !<\/p>\n","protected":false},"author":3,"featured_media":6949,"comment_status":"closed","ping_status":"closed","sticky":false,"template":"","format":"standard","meta":{"footnotes":""},"categories":[401],"tags":[],"class_list":["post-6951","post","type-post","status-publish","format-standard","has-post-thumbnail","hentry","category-archive"],"_links":{"self":[{"href":"https:\/\/institutfrancais.ro\/bucuresti\/fr\/wp-json\/wp\/v2\/posts\/6951","targetHints":{"allow":["GET"]}}],"collection":[{"href":"https:\/\/institutfrancais.ro\/bucuresti\/fr\/wp-json\/wp\/v2\/posts"}],"about":[{"href":"https:\/\/institutfrancais.ro\/bucuresti\/fr\/wp-json\/wp\/v2\/types\/post"}],"author":[{"embeddable":true,"href":"https:\/\/institutfrancais.ro\/bucuresti\/fr\/wp-json\/wp\/v2\/users\/3"}],"replies":[{"embeddable":true,"href":"https:\/\/institutfrancais.ro\/bucuresti\/fr\/wp-json\/wp\/v2\/comments?post=6951"}],"version-history":[{"count":2,"href":"https:\/\/institutfrancais.ro\/bucuresti\/fr\/wp-json\/wp\/v2\/posts\/6951\/revisions"}],"predecessor-version":[{"id":6954,"href":"https:\/\/institutfrancais.ro\/bucuresti\/fr\/wp-json\/wp\/v2\/posts\/6951\/revisions\/6954"}],"wp:featuredmedia":[{"embeddable":true,"href":"https:\/\/institutfrancais.ro\/bucuresti\/fr\/wp-json\/wp\/v2\/media\/6949"}],"wp:attachment":[{"href":"https:\/\/institutfrancais.ro\/bucuresti\/fr\/wp-json\/wp\/v2\/media?parent=6951"}],"wp:term":[{"taxonomy":"category","embeddable":true,"href":"https:\/\/institutfrancais.ro\/bucuresti\/fr\/wp-json\/wp\/v2\/categories?post=6951"},{"taxonomy":"post_tag","embeddable":true,"href":"https:\/\/institutfrancais.ro\/bucuresti\/fr\/wp-json\/wp\/v2\/tags?post=6951"}],"curies":[{"name":"wp","href":"https:\/\/api.w.org\/{rel}","templated":true}]}}