{"id":9818,"date":"2024-06-26T14:32:16","date_gmt":"2024-06-26T14:32:16","guid":{"rendered":"https:\/\/institutfrancais.ro\/bucuresti\/recrutam-responsabil-a-cursuri-pentru-companii\/"},"modified":"2024-07-08T06:27:01","modified_gmt":"2024-07-08T06:27:01","slug":"appel-a-candidature-charge-cours-en-entreprise","status":"publish","type":"post","link":"https:\/\/institutfrancais.ro\/bucuresti\/fr\/appel-a-candidature-charge-cours-en-entreprise\/","title":{"rendered":"APPEL A CANDIDATURE : Charg\u00e9 cours en entreprise (F\/H)"},"content":{"rendered":"\n<p>L\u2019Institut fran\u00e7ais de Roumanie (IFRo) \u00e0 Bucarest recrute un c<strong>harg\u00e9 de cours en entreprise<\/strong> (femme\/homme) \u00e0 compter du <strong>1er septembre 2024<\/strong> \u00e0 Bucarest, 77 Bd. Dacia, sector 2 &#8211; 020051.<\/p>\n\n\n\n<p><strong>Missions principales :<\/strong><\/p>\n\n\n\n<p>Sous l\u2019autorit\u00e9 hi\u00e9rarchique du responsable des cours de Bucarest, le titulaire du poste assurera des responsabilit\u00e9s sur les dossiers suivants :<\/p>\n\n\n\n<ul class=\"wp-block-list\">\n<li>suivi commercial des contrats avec les entreprises et les institutions pour les formations linguistiques<\/li>\n\n\n\n<li>d\u00e9marchage et repr\u00e9sentation aupr\u00e8s d\u2019entreprises et d\u2019institutions<\/li>\n\n\n\n<li>positionnement strat\u00e9gique de l\u2019\u00e9tablissement sur le march\u00e9 des formations linguistiques<\/li>\n\n\n\n<li>suivi et vente de cours individuels sur-mesure<\/li>\n\n\n\n<li>repr\u00e9sentation au cours d\u2019\u00e9v\u00e9nements et conduite d\u2019actions promotionnelles.<\/li>\n<\/ul>\n\n\n\n<p><strong>Description du poste<\/strong><\/p>\n\n\n\n<ul class=\"wp-block-list\">\n<li>Conduite d\u2019analyses portant sur l\u2019environnement, la concurrence, la satisfaction<\/li>\n\n\n\n<li>Participation aux r\u00e9flexions portant sur les campagnes de communication<\/li>\n\n\n\n<li>Accompagnement au d\u00e9ploiement de la d\u00e9marche qualit\u00e9 IF dans l\u2019\u00e9tablissement<\/li>\n\n\n\n<li>Suivi des dossiers des entreprises et institutions clientes de l\u2019IFRo \u2013 Bucarest pour des formations linguistiques ou des examens (messagerie, contrat, transmission de l\u2019offre, recueil de la satisfaction)<\/li>\n\n\n\n<li>D\u00e9veloppement de l\u2019activit\u00e9 et poursuite des objectifs fix\u00e9s par la direction<\/li>\n\n\n\n<li>D\u00e9ploiement de strat\u00e9gies pour fid\u00e9liser les clients<\/li>\n\n\n\n<li>Suivi des recettes des cours en entreprise et des cours individuels<\/li>\n\n\n\n<li>Alimentation des tableaux et de la base de donn\u00e9es interne<\/li>\n\n\n\n<li>Montage des offres de cours de fran\u00e7ais professionnel et des certifications de langue fran\u00e7aise en lien avec la coordination p\u00e9dagogique<\/li>\n\n\n\n<li>Cr\u00e9ation et diffusion de supports de communication (documents papiers et num\u00e9riques, site internet, r\u00e9seaux sociaux)<\/li>\n<\/ul>\n\n\n\n<p><strong>Comp\u00e9tences exig\u00e9es :<\/strong><\/p>\n\n\n\n<ul class=\"wp-block-list\">\n<li>Niveau \u00e9tudes sup\u00e9rieures \u2013 Licence\/ Master<\/li>\n\n\n\n<li>Minimum 2 ans d\u2019exp\u00e9rience dans un poste similaire (marketing, communication, gestion client\u00e8le)<\/li>\n\n\n\n<li>Excellente ma\u00eetrise \u00e0 l\u2019oral et \u00e0 l\u2019\u00e9crit des langues fran\u00e7aise et roumaine (la connaissance de l\u2019anglais serait un avantage ; la pr\u00e9sentation d\u2019une certification DELF B2 ou DALF C1\/C2 serait un plus)<\/li>\n\n\n\n<li>Tr\u00e8s bonne expression orale en face-\u00e0-face aupr\u00e8s d\u2019une ou plusieurs personnes<\/li>\n\n\n\n<li>Grande aisance dans l\u2019utilisation d\u2019outils informatiques et des principaux r\u00e9seaux sociaux<\/li>\n<\/ul>\n\n\n\n<p><strong>Qualit\u00e9s requises :<\/strong><\/p>\n\n\n\n<ul class=\"wp-block-list\">\n<li>Go\u00fbt prononc\u00e9 pour la gestion client\u00e8le et la communication<\/li>\n\n\n\n<li>Qualit\u00e9s relationnelle<\/li>\n\n\n\n<li>Sens des responsabilit\u00e9s, esprit d\u2019initiative et dynamisme<\/li>\n\n\n\n<li>Sens de l\u2019organisation et discr\u00e9tion<\/li>\n\n\n\n<li>Capacit\u00e9 \u00e0 travailler en \u00e9quipe<\/li>\n<\/ul>\n\n\n\n<p><strong>Conditions :<\/strong><\/p>\n\n\n\n<p>Une certaine flexibilit\u00e9 de l\u2019emploi du temps de travail est requise, en fonction de l\u2019activit\u00e9 du secteur.<br>Contrat \u00e0 dur\u00e9e d\u00e9termin\u00e9e d\u2019un an, \u00e0 compter du 1er septembre 2024, soumis \u00e0 une p\u00e9riode d\u2019essai d\u2019un mois. Ensuite, un contrat \u00e0 dur\u00e9e ind\u00e9termin\u00e9e pourra \u00eatre propos\u00e9 \u00e0 l\u2019agent.<br>Pour les candidats d\u2019une nationalit\u00e9 europ\u00e9enne, ils devront \u00eatre en mesure de justifier de leur situation r\u00e9guli\u00e8re sur le territoire roumain (pr\u00e9sentation de leur CNP en cours de validit\u00e9).<\/p>\n\n\n\n<p>R\u00e9mun\u00e9ration : niveau 7 \u00e9chelon 1 de la grille de salaire de l\u2019antenne de Bucarest correspondant \u00e0 un salaire mensuel brut de 1475,80 euros. Les avantages divers offerts \u00e0 l\u2019agent seront expliqu\u00e9s pendant l\u2019entretien.<\/p>\n\n\n\n<p><strong>Modalit\u00e9s :<\/strong><\/p>\n\n\n\n<p>Envoyer avant le 15 juillet \u00e0 minuit <strong>une lettre de motivation et un CV (en fran\u00e7ais) <\/strong>en version \u00e9lectronique (PDF uniquement) \u00e0 l\u2019adresse mail<mark style=\"background-color:#ffffff\" class=\"has-inline-color has-vivid-cyan-blue-color\"> <a href=\"mailto:recrutement@institutfrancais.ro\">recrutement@institutfrancais.ro<\/a><\/mark>, en pr\u00e9cisant obligatoirement dans l\u2019objet le poste concern\u00e9 <strong>\u00ab Charg\u00e9 cours entreprise \u00bb<\/strong>.<\/p>\n\n\n\n<p>Les candidatures incompl\u00e8tes ou re\u00e7ues apr\u00e8s la date de cl\u00f4ture de l\u2019appel \u00e0 candidature ne seront pas examin\u00e9es.<br>Seuls les candidats pr\u00e9s\u00e9lectionn\u00e9s seront invit\u00e9s \u00e0 un entretien.<\/p>\n\n\n\n<p><\/p>\n\n\n\n<p><\/p>\n\n\n\n<p><\/p>\n\n\n\n<p><\/p>\n\n\n\n<p><\/p>\n\n\n\n<p><\/p>\n","protected":false},"excerpt":{"rendered":"<p>L\u2019Institut fran\u00e7ais de Roumanie (IFRo) \u00e0 Bucarest recrute un charg\u00e9 de cours en entreprise (femme\/homme) \u00e0 compter du 1er septembre 2024.<\/p>\n","protected":false},"author":3,"featured_media":6938,"comment_status":"closed","ping_status":"closed","sticky":false,"template":"","format":"standard","meta":{"footnotes":""},"categories":[406],"tags":[131],"class_list":["post-9818","post","type-post","status-publish","format-standard","has-post-thumbnail","hentry","category-arhiva-fr","tag-francofonie-fr"],"_links":{"self":[{"href":"https:\/\/institutfrancais.ro\/bucuresti\/fr\/wp-json\/wp\/v2\/posts\/9818","targetHints":{"allow":["GET"]}}],"collection":[{"href":"https:\/\/institutfrancais.ro\/bucuresti\/fr\/wp-json\/wp\/v2\/posts"}],"about":[{"href":"https:\/\/institutfrancais.ro\/bucuresti\/fr\/wp-json\/wp\/v2\/types\/post"}],"author":[{"embeddable":true,"href":"https:\/\/institutfrancais.ro\/bucuresti\/fr\/wp-json\/wp\/v2\/users\/3"}],"replies":[{"embeddable":true,"href":"https:\/\/institutfrancais.ro\/bucuresti\/fr\/wp-json\/wp\/v2\/comments?post=9818"}],"version-history":[{"count":3,"href":"https:\/\/institutfrancais.ro\/bucuresti\/fr\/wp-json\/wp\/v2\/posts\/9818\/revisions"}],"predecessor-version":[{"id":9872,"href":"https:\/\/institutfrancais.ro\/bucuresti\/fr\/wp-json\/wp\/v2\/posts\/9818\/revisions\/9872"}],"wp:featuredmedia":[{"embeddable":true,"href":"https:\/\/institutfrancais.ro\/bucuresti\/fr\/wp-json\/wp\/v2\/media\/6938"}],"wp:attachment":[{"href":"https:\/\/institutfrancais.ro\/bucuresti\/fr\/wp-json\/wp\/v2\/media?parent=9818"}],"wp:term":[{"taxonomy":"category","embeddable":true,"href":"https:\/\/institutfrancais.ro\/bucuresti\/fr\/wp-json\/wp\/v2\/categories?post=9818"},{"taxonomy":"post_tag","embeddable":true,"href":"https:\/\/institutfrancais.ro\/bucuresti\/fr\/wp-json\/wp\/v2\/tags?post=9818"}],"curies":[{"name":"wp","href":"https:\/\/api.w.org\/{rel}","templated":true}]}}