{"id":11008,"date":"2025-03-10T10:22:58","date_gmt":"2025-03-10T10:22:58","guid":{"rendered":"https:\/\/institutfrancais.ro\/bucuresti\/?p=11008"},"modified":"2025-05-02T10:16:54","modified_gmt":"2025-05-02T10:16:54","slug":"program-martie-2025","status":"publish","type":"post","link":"https:\/\/institutfrancais.ro\/bucuresti\/program-martie-2025\/","title":{"rendered":"Program martie aprilie 2025"},"content":{"rendered":"\n<p><strong>MARS, Mois de la francophonie<\/strong><br><strong>ENSEMBELE \u2013 UN PRINTEMPS CULTUREL FRAN\u00c7AIS<\/strong><\/p>\n\n\n\n<p><strong>1<sup>er<\/sup> mars\u00a0: <a href=\"https:\/\/institutfrancais.ro\/bucuresti\/evenimente\/piaf-the-show-avec-nathalie-lermitte\/#\/\">PIAF, the Show\u00a0! avec Nathalie Lermitte<\/a><\/strong> | Circul Metropolitan Bucuresti<br><strong>5-6 mars\u00a0: \u00a0<a href=\"https:\/\/www.facebook.com\/internationalfest.upb\">Poli International Fest<\/a> <\/strong>| Politehnica Bucarest<br><strong>6 mars\u00a0:<\/strong> <strong><a href=\"https:\/\/ifroumanie.bibenligne.fr\/ateliere\">Junior lecteur, atelier de lecture 3-5 ans <\/a>|<\/strong> M\u00e9diath\u00e8que de Bucarest<br><strong><a href=\"https:\/\/eventbook.ro\/program\/8-martie-la-cinema-elvire-popesco\">8 mars : Journ\u00e9e internationale des droits des femmes<\/a><\/strong> | Cinema Elvire Popesco<br><em>ANORA\u00a0de Sean Baker \u2013 Palme d\u2019Or 2024, nomm\u00e9 pour l\u2019Oscar du meilleur film 2025, avec\u00a0Mikey Madison dans le r\u00f4le principal (nomm\u00e9e \u00e0 l\u2019Oscar de la meilleure actrice)<br>NU A\u0218TEPTA PREA MULT DE LA SF\u00c2R\u0218ITUL LUMII\u00a0de Radu Jude \u2013 Prix sp\u00e9cial du jury au Festival de Locarno 2025, avec\u00a0Ilinca Manolache\u00a0dans le r\u00f4le principal, qui introduira le film<\/em><br><br><strong>11 mars : <a href=\"https:\/\/eventbook.ro\/program\/cinema-fara-bariere\">Cinema fara bariere HORS DU TEMPS<\/a><\/strong> | Cinema Elvire Popesco<br><strong>14 mars\u00a0: <a href=\"https:\/\/institutfrancais.ro\/bucuresti\/evenimente\/conferinta-cu-nathalie-marin\/#\/\">Symphonies f\u00e9minines, comment \u00eatre cheffe d\u2019orchestre aujourd\u2019hui<\/a> <\/strong>|<br>Conf\u00e9rence avec Nathalie Marin \u00e0 l&#8217;Universit\u00e9 nationale de musique de Bucarest<\/p>\n\n\n\n<p><strong>20-30 mars\u00a0: <a href=\"https:\/\/institutfrancais.ro\/bucuresti\/evenimente\/festivalul-filmului-francez-2025\/#\/\">Festival du Film Fran\u00e7ais<\/a><\/strong> | Cin\u00e9ma Elvire Popesco<br><strong>20 mars\u00a0: Diffusion de l\u2019\u00e9mission\u00a0: Parlez-vous francophonie\u00a0? <\/strong>sur TVR<br><strong>24 mars\u00a0: <a href=\"https:\/\/www.facebook.com\/events\/3796202390645127\/\">Bach chez Cioran, une trag\u00e9die ang\u00e9lique<\/a><\/strong> | ARCUB\u00a0\u00a0<\/p>\n\n\n\n<p><strong>26 mars&nbsp;: Danser, lire, cr\u00e9er\u2026 grandir<\/strong> | M\u00e9diath\u00e8que de Bucarest<br>Atelier cr\u00e9atif + 5 ans&nbsp;<br>Avec Isabelle Maurel et V\u00e9ronique Massenot<br>Partenaire: Lyc\u00e9e fran\u00e7ais Anna de Noailles<\/p>\n\n\n\n<p><strong>31&nbsp;mars&nbsp;: Vers le futur&nbsp;: une approche \u00e9cologique pour les institutions culturelles<\/strong> | Atrium<br>Avec David Irle, conseiller en soutenabilit\u00e9 dans le secteur culturel<\/p>\n\n\n\n<p><strong>tous les week-ends : <a href=\"https:\/\/eventbook.ro\/program\/filme-pentru-intreaga-familie-la-cinema-elvire-popesco\">Projections de films pour toute la famille<\/a><\/strong> | Salle Elvire Popesco<\/p>\n\n\n\n<p><strong>AVRIL<\/strong><\/p>\n\n\n\n<p><strong>3 avril: Artist talk Madeleine Elisabeth Peccoux<\/strong> | Atrium<br><strong>4 avril<\/strong> : <strong>Lancement de livre &#8222;Ol\u0103ne\u0219tii. Un neam de boieri olteni&#8221;<\/strong> | Atrium<br><strong>4-13 avril : <\/strong><a href=\"https:\/\/www.facebook.com\/events\/1305947097379724\/?acontext=%7B%22event_action_history%22%3A[%7B%22mechanism%22%3A%22search_results%22%2C%22surface%22%3A%22bookmark_search%22%7D]%2C%22ref_notif_type%22%3Anull%7D\"><strong>One World Romania<\/strong> <\/a>| Cinema Elvire Popesco<br><strong>8 avril:\u00a0 <a href=\"https:\/\/www.facebook.com\/events\/577770295285649\/\">Unwanted No More: Voix roms en art et histoire<\/a><\/strong> | Atrium<br>Dialogue entre Fran\u00e7oise Dallemagne (MUCEM), Cristian P\u0103dure (Universit\u00e9 de Bucarest et Klaus-Michael Bogdal (Universit\u00e9 de Bielefeld)<br><br><strong>12 et 13 avril\u00a0: Confession de l\u2019adolescence d\u2019Annie Ernaux<\/strong> | Centrul de Teatru Educa\u021bional Replika<br>Spectacle pour le jeune public de la Compagnie Depuis l&#8217;Aube<br><br><strong>15 avril\u00a0: Aerial &#8211; Franck Tortiller (FR) &amp; Alexandra Lehmler (DE)\u00a0<\/strong>| Goethe Institut Bucarest<strong>\u00a0\u00a0\u00a0\u00a0\u00a0\u00a0\u00a0\u00a0\u00a0\u00a0\u00a0<\/strong><br><strong>15 avril \u2013 20 juin\u00a0: Swimathon Bucure\u0219ti. \u00cempreun\u0103 facem valuri de bine<\/strong><\/p>\n\n\n\n<p><strong>tous les week-ends : <a href=\"https:\/\/eventbook.ro\/program\/filme-pentru-intreaga-familie-la-cinema-elvire-popesco\">Projections de films pour toute la famille<\/a><\/strong> | Salle Elvire Popesco<\/p>\n","protected":false},"excerpt":{"rendered":"<p>MARS, Mois de la francophonieENSEMBELE \u2013 UN PRINTEMPS CULTUREL FRAN\u00c7AIS 1er mars\u00a0: PIAF, the Show\u00a0! avec Nathalie Lermitte | Circul Metropolitan Bucuresti5-6 mars\u00a0: \u00a0Poli International Fest | Politehnica Bucarest6 mars\u00a0: Junior lecteur, atelier de lecture 3-5 ans | M\u00e9diath\u00e8que de Bucarest8 mars : Journ\u00e9e internationale des droits des femmes | Cinema Elvire PopescoANORA\u00a0de Sean Baker [&hellip;]<\/p>\n","protected":false},"author":15,"featured_media":11009,"comment_status":"open","ping_status":"open","sticky":false,"template":"","format":"standard","meta":{"footnotes":""},"categories":[99,400],"tags":[],"class_list":["post-11008","post","type-post","status-publish","format-standard","has-post-thumbnail","hentry","category-agenda","category-arhiva"],"_links":{"self":[{"href":"https:\/\/institutfrancais.ro\/bucuresti\/wp-json\/wp\/v2\/posts\/11008","targetHints":{"allow":["GET"]}}],"collection":[{"href":"https:\/\/institutfrancais.ro\/bucuresti\/wp-json\/wp\/v2\/posts"}],"about":[{"href":"https:\/\/institutfrancais.ro\/bucuresti\/wp-json\/wp\/v2\/types\/post"}],"author":[{"embeddable":true,"href":"https:\/\/institutfrancais.ro\/bucuresti\/wp-json\/wp\/v2\/users\/15"}],"replies":[{"embeddable":true,"href":"https:\/\/institutfrancais.ro\/bucuresti\/wp-json\/wp\/v2\/comments?post=11008"}],"version-history":[{"count":7,"href":"https:\/\/institutfrancais.ro\/bucuresti\/wp-json\/wp\/v2\/posts\/11008\/revisions"}],"predecessor-version":[{"id":11040,"href":"https:\/\/institutfrancais.ro\/bucuresti\/wp-json\/wp\/v2\/posts\/11008\/revisions\/11040"}],"wp:featuredmedia":[{"embeddable":true,"href":"https:\/\/institutfrancais.ro\/bucuresti\/wp-json\/wp\/v2\/media\/11009"}],"wp:attachment":[{"href":"https:\/\/institutfrancais.ro\/bucuresti\/wp-json\/wp\/v2\/media?parent=11008"}],"wp:term":[{"taxonomy":"category","embeddable":true,"href":"https:\/\/institutfrancais.ro\/bucuresti\/wp-json\/wp\/v2\/categories?post=11008"},{"taxonomy":"post_tag","embeddable":true,"href":"https:\/\/institutfrancais.ro\/bucuresti\/wp-json\/wp\/v2\/tags?post=11008"}],"curies":[{"name":"wp","href":"https:\/\/api.w.org\/{rel}","templated":true}]}}