{"id":12134,"date":"2026-03-10T07:28:48","date_gmt":"2026-03-10T07:28:48","guid":{"rendered":"https:\/\/institutfrancais.ro\/bucuresti\/?p=12134"},"modified":"2026-03-31T07:50:37","modified_gmt":"2026-03-31T07:50:37","slug":"offre-de-stage-institut-francais-de-roumanie","status":"publish","type":"post","link":"https:\/\/institutfrancais.ro\/bucuresti\/offre-de-stage-institut-francais-de-roumanie\/","title":{"rendered":"Offre de stage &#8211; Institut fran\u00e7ais de Roumanie"},"content":{"rendered":"\n<p>Date de d\u00e9but\u00a0du stage\u00a0: 16 mars 2026<br>Dur\u00e9e\u00a0: 6 semaines (jusqu\u2019au 24 avril 2026)<br>Temps partiel (75 heures)<br>Lieu\u00a0: Institut Fran\u00e7ais de Roumanie, 77 bd Dacia, Bucarest<\/p>\n\n\n\n<p>Le\/la stagiaire sera plac\u00e9 sous la responsabilit\u00e9 de la Conseill\u00e8re de coop\u00e9ration et d\u2019action culturelle adjointe et attach\u00e9e de coop\u00e9ration institutionnelle et technique, Mme Magali VUILLAUME, mais sera amen\u00e9\/e \u00e0 travailler avec plusieurs p\u00f4les de l\u2019Institut fran\u00e7ais de Roumanie.<\/p>\n\n\n\n<p>Missions confi\u00e9es au\/\u00e0 la stagiaire :<\/p>\n\n\n\n<ul class=\"wp-block-list\">\n<li>Appui \u00e0 l\u2019organisation d\u2019\u00e9v\u00e8nements culturels (dont le Festival du film fran\u00e7ais) et de d\u00e9bat d\u2019id\u00e9es,<\/li>\n\n\n\n<li>Appui \u00e0 la coordination du \u00ab\u00a0Mois de la francophonie\u00a0\u00bb<\/li>\n\n\n\n<li>Notes de synth\u00e8se sur diff\u00e9rents sujets de fond li\u00e9s aux missions de l\u2019Institut fran\u00e7ais de Roumanie<\/li>\n\n\n\n<li>Appui \u00e0 l\u2019organisation du Forum des \u00e9tudes et des carri\u00e8res<\/li>\n<\/ul>\n\n\n\n<p>Profil&nbsp;:<\/p>\n\n\n\n<ul class=\"wp-block-list\">\n<li>\u00c9tudiant(e) en sciences politiques<\/li>\n\n\n\n<li>Parfait(e) francophone, avec une tr\u00e8s bonne ma\u00eetrise \u00e9galement de la langue anglaise.<\/li>\n\n\n\n<li>Int\u00e9r\u00eat pour le travail au sein d\u2019une administration publique<\/li>\n\n\n\n<li>Curieux\/curieuse, rigoureux\/rigoureuse et organis\u00e9(e).<\/li>\n\n\n\n<li>Bon relationnel et facilit\u00e9 de communication.<\/li>\n<\/ul>\n\n\n\n<p>Si ce stage vous int\u00e9resse, merci de transmettre \u00e9lectroniquement votre CV et votre lettre de motivation au plus tard le 13 mars 2026 \u00e0 10h \u00e0 l\u2019adresse suivante&nbsp;: <a href=\"mailto:frederic.barat@institutfrancais.ro\">frederic.barat@institutfrancais.ro<\/a> .<\/p>\n","protected":false},"excerpt":{"rendered":"<p>Date de d\u00e9but\u00a0du stage\u00a0: 16 mars 2026Dur\u00e9e\u00a0: 6 semaines (jusqu\u2019au 24 avril 2026)Temps partiel (75 heures)Lieu\u00a0: Institut Fran\u00e7ais de Roumanie, 77 bd Dacia, Bucarest Le\/la stagiaire sera plac\u00e9 sous la responsabilit\u00e9 de la Conseill\u00e8re de coop\u00e9ration et d\u2019action culturelle adjointe et attach\u00e9e de coop\u00e9ration institutionnelle et technique, Mme Magali VUILLAUME, mais sera amen\u00e9\/e \u00e0 travailler [&hellip;]<\/p>\n","protected":false},"author":15,"featured_media":7545,"comment_status":"open","ping_status":"open","sticky":false,"template":"","format":"standard","meta":{"footnotes":""},"categories":[400],"tags":[],"class_list":["post-12134","post","type-post","status-publish","format-standard","has-post-thumbnail","hentry","category-arhiva"],"_links":{"self":[{"href":"https:\/\/institutfrancais.ro\/bucuresti\/wp-json\/wp\/v2\/posts\/12134","targetHints":{"allow":["GET"]}}],"collection":[{"href":"https:\/\/institutfrancais.ro\/bucuresti\/wp-json\/wp\/v2\/posts"}],"about":[{"href":"https:\/\/institutfrancais.ro\/bucuresti\/wp-json\/wp\/v2\/types\/post"}],"author":[{"embeddable":true,"href":"https:\/\/institutfrancais.ro\/bucuresti\/wp-json\/wp\/v2\/users\/15"}],"replies":[{"embeddable":true,"href":"https:\/\/institutfrancais.ro\/bucuresti\/wp-json\/wp\/v2\/comments?post=12134"}],"version-history":[{"count":1,"href":"https:\/\/institutfrancais.ro\/bucuresti\/wp-json\/wp\/v2\/posts\/12134\/revisions"}],"predecessor-version":[{"id":12135,"href":"https:\/\/institutfrancais.ro\/bucuresti\/wp-json\/wp\/v2\/posts\/12134\/revisions\/12135"}],"wp:featuredmedia":[{"embeddable":true,"href":"https:\/\/institutfrancais.ro\/bucuresti\/wp-json\/wp\/v2\/media\/7545"}],"wp:attachment":[{"href":"https:\/\/institutfrancais.ro\/bucuresti\/wp-json\/wp\/v2\/media?parent=12134"}],"wp:term":[{"taxonomy":"category","embeddable":true,"href":"https:\/\/institutfrancais.ro\/bucuresti\/wp-json\/wp\/v2\/categories?post=12134"},{"taxonomy":"post_tag","embeddable":true,"href":"https:\/\/institutfrancais.ro\/bucuresti\/wp-json\/wp\/v2\/tags?post=12134"}],"curies":[{"name":"wp","href":"https:\/\/api.w.org\/{rel}","templated":true}]}}