{"id":12171,"date":"2026-03-13T14:33:32","date_gmt":"2026-03-13T14:33:32","guid":{"rendered":"https:\/\/institutfrancais.ro\/bucuresti\/?p=12171"},"modified":"2026-03-23T13:15:01","modified_gmt":"2026-03-23T13:15:01","slug":"offre-de-stage-assistante-de-projets-culturels-au-sein-du-pole-culture-de-linstitut-francais-de-roumanie","status":"publish","type":"post","link":"https:\/\/institutfrancais.ro\/bucuresti\/offre-de-stage-assistante-de-projets-culturels-au-sein-du-pole-culture-de-linstitut-francais-de-roumanie\/","title":{"rendered":"Offre de stage\u00a0: \u00abAssistant(e) de projets culturels\u00a0\u00bb au sein du P\u00f4le culture de l\u2019Institut fran\u00e7ais de Roumanie"},"content":{"rendered":"\n<p><\/p>\n\n\n\n<p><\/p>\n\n\n\n<p><strong>1 mois\u00a0: du 1<sup>er<\/sup> au 30 juin 2026<\/strong><br><strong>Bas\u00e9 \u00e0 Bucarest<\/strong><\/p>\n\n\n\n<p><\/p>\n\n\n\n<p>L\u2019Institut fran\u00e7ais de Roumanie (IFRo) \u00e0 Bucarest recherche une ou un stagiaire \u00ab&nbsp;<strong>assistante ou assistant de projets culturels<\/strong> \u00bb (F\/H) pour 1 mois au sein du p\u00f4le culture \u00e0 compter du 1<sup>er<\/sup> juin 2026, poste dont l\u2019affectation est situ\u00e9e au 77 Bd Dacia, secteur 2, Bucarest.<\/p>\n\n\n\n<p>Plac\u00e9 sous la tutelle du Minist\u00e8re de l\u2019Europe et des Affaires \u00e9trang\u00e8res, l\u2019<strong>Institut fran\u00e7ais de Roumanie&nbsp;<\/strong>(IFRo) appartient au r\u00e9seau culturel de la France \u00e0 l\u2019\u00e9tranger.<\/p>\n\n\n\n<p>L\u2019IFRo a pour missions de promouvoir la coop\u00e9ration culturelle, linguistique, universitaire et technique avec les acteurs institutionnels et la soci\u00e9t\u00e9 civile roumaine. L\u2019IFRo est constitu\u00e9, autour de son si\u00e8ge \u00e0 Bucarest, de trois antennes \u00e0 Cluj-Napoca, Iasi et Timisoara et assure les missions du Service de Coop\u00e9ration et d\u2019Action Culturelle de l\u2019Ambassade de France.<\/p>\n\n\n\n<p><strong>Description du poste\u00a0:<\/strong><br>Sous l\u2019autorit\u00e9 de l\u2019attach\u00e9e culturelle, par d\u00e9l\u00e9gation de la directrice, et en lien fonctionnel avec les personnels du p\u00f4le culturel, le\/la stagiaire assiste le service culture dans l\u2019ensemble de ses missions pour assurer le bon d\u00e9roulement de la programmation et le suivi de la strat\u00e9gie de coop\u00e9ration culturelle.<\/p>\n\n\n\n<p><strong>Missions\u00a0:<\/strong><br><strong>Assistance aux activit\u00e9s du p\u00f4le culturel, et en particulier sur les analyses de publics<\/strong><\/p>\n\n\n\n<p><strong>Profil :<\/strong><\/p>\n\n\n\n<ul class=\"wp-block-list\">\n<li>Etudiant.es en licence de projets culturels, sciences politiques, relations internationales, \u00e9cole de commerce, droit\u00a0;<\/li>\n\n\n\n<li>Rigoureux\/se, organis\u00e9\/e, autonome sachant hi\u00e9rarchiser les priorit\u00e9s.<\/li>\n<\/ul>\n\n\n\n<p><strong>Qualit\u00e9s requises&nbsp;:<\/strong><\/p>\n\n\n\n<ul class=\"wp-block-list\">\n<li>Des connaissance administratives et\/ou financi\u00e8re (juridique\u00a0; gestion de budget) serait un plus<\/li>\n\n\n\n<li>Avoir une tr\u00e8s bonne ma\u00eetrise du fran\u00e7ais et de l\u2019anglais (oral et \u00e9crit)\u00a0est obligatoire\u00a0;<\/li>\n\n\n\n<li>Avoir des connaissances sur les diff\u00e9rents acteurs du secteur culturel\u00a0: institutionnels, priv\u00e9s, associatif\u00a0;<\/li>\n\n\n\n<li>Avoir une bonne aisance relationnelle et une forte capacit\u00e9 d\u2019adaptation.<br><br><\/li>\n<\/ul>\n\n\n\n<p><strong>Conditions\u00a0:<\/strong><br>Stage de 1 mois,\u00a0<strong>\u00e0 compter du 1<sup>er<\/sup> juin 2026<\/strong><br>R\u00e9mun\u00e9ration\u00a0:\u00a0<strong>sans objet<\/strong><\/p>\n\n\n\n<p><\/p>\n\n\n\n<p><strong>Modalit\u00e9s\u00a0:<\/strong><br>Envoyer avant le 22 mars 2026 <strong>une lettre de motivation et un CV<\/strong>\u00a0et un extrait de casier judiciaire en version \u00e9lectronique (PDF uniquement) \u00e0 l\u2019adresse mail: <a href=\"mailto:melanie.martini@institutfrancais.ro\">melanie.martini@institutfrancais.ro<\/a> en pr\u00e9cisant dans l\u2019objet le stage concern\u00e9.<br>Les candidatures incompl\u00e8tes ou re\u00e7ues apr\u00e8s la date de cl\u00f4ture de l\u2019appel \u00e0 candidature ne seront pas examin\u00e9es.<br>Seul.e.s les candidat.e.s pr\u00e9s\u00e9lectionn\u00e9.e.s seront invit\u00e9.e.s \u00e0 un entretien.<\/p>\n","protected":false},"excerpt":{"rendered":"<p>1 mois\u00a0: du 1er au 30 juin 2026Bas\u00e9 \u00e0 Bucarest L\u2019Institut fran\u00e7ais de Roumanie (IFRo) \u00e0 Bucarest recherche une ou un stagiaire \u00ab&nbsp;assistante ou assistant de projets culturels \u00bb (F\/H) pour 1 mois au sein du p\u00f4le culture \u00e0 compter du 1er juin 2026, poste dont l\u2019affectation est situ\u00e9e au 77 Bd Dacia, secteur 2, [&hellip;]<\/p>\n","protected":false},"author":15,"featured_media":7545,"comment_status":"open","ping_status":"open","sticky":false,"template":"","format":"standard","meta":{"footnotes":""},"categories":[400],"tags":[],"class_list":["post-12171","post","type-post","status-publish","format-standard","has-post-thumbnail","hentry","category-arhiva"],"_links":{"self":[{"href":"https:\/\/institutfrancais.ro\/bucuresti\/wp-json\/wp\/v2\/posts\/12171","targetHints":{"allow":["GET"]}}],"collection":[{"href":"https:\/\/institutfrancais.ro\/bucuresti\/wp-json\/wp\/v2\/posts"}],"about":[{"href":"https:\/\/institutfrancais.ro\/bucuresti\/wp-json\/wp\/v2\/types\/post"}],"author":[{"embeddable":true,"href":"https:\/\/institutfrancais.ro\/bucuresti\/wp-json\/wp\/v2\/users\/15"}],"replies":[{"embeddable":true,"href":"https:\/\/institutfrancais.ro\/bucuresti\/wp-json\/wp\/v2\/comments?post=12171"}],"version-history":[{"count":1,"href":"https:\/\/institutfrancais.ro\/bucuresti\/wp-json\/wp\/v2\/posts\/12171\/revisions"}],"predecessor-version":[{"id":12172,"href":"https:\/\/institutfrancais.ro\/bucuresti\/wp-json\/wp\/v2\/posts\/12171\/revisions\/12172"}],"wp:featuredmedia":[{"embeddable":true,"href":"https:\/\/institutfrancais.ro\/bucuresti\/wp-json\/wp\/v2\/media\/7545"}],"wp:attachment":[{"href":"https:\/\/institutfrancais.ro\/bucuresti\/wp-json\/wp\/v2\/media?parent=12171"}],"wp:term":[{"taxonomy":"category","embeddable":true,"href":"https:\/\/institutfrancais.ro\/bucuresti\/wp-json\/wp\/v2\/categories?post=12171"},{"taxonomy":"post_tag","embeddable":true,"href":"https:\/\/institutfrancais.ro\/bucuresti\/wp-json\/wp\/v2\/tags?post=12171"}],"curies":[{"name":"wp","href":"https:\/\/api.w.org\/{rel}","templated":true}]}}