{"id":12197,"date":"2026-04-03T12:40:19","date_gmt":"2026-04-03T12:40:19","guid":{"rendered":"https:\/\/institutfrancais.ro\/bucuresti\/joyeuses-paques\/"},"modified":"2026-04-03T12:40:19","modified_gmt":"2026-04-03T12:40:19","slug":"joyeuses-paques","status":"publish","type":"post","link":"https:\/\/institutfrancais.ro\/bucuresti\/joyeuses-paques\/","title":{"rendered":"Joyeuses P\u00e2ques !"},"content":{"rendered":"\n<p>Cu ocazia s\u0103rb\u0103torilor pascale, va inform\u0103m c\u0103 serviciile de <strong>\u00censcrieri Cursuri \u0219i Examene<\/strong>, <strong>\u00a0Campus France \u0219i Mediateca vor fi <\/strong>\u00eenchise \u00een perioada 4-13 aprilie 2026.<\/p>\n\n<p><strong>Cinematograful Elvire Popesco<\/strong> va fi \u00eenchis \u00eentre 11-13 aprilie 2026.<\/p>\n\n<p>\u00cen aceast\u0103 perioad\u0103, ne pute\u021bi reg\u0103si pe:<br\/><a href=\"http:\/\/www.institutfrancais.ro\">www.institutfrancais.ro<\/a><br\/><a href=\"http:\/\/www.elvrirepopesco.ro\">www.elvrirepopesco.ro<\/a><br\/><a href=\"http:\/\/www.ifroumaniebibenligne.fr\">www.ifroumaniebibenligne.fr<\/a><br\/><a href=\"http:\/\/www.culturetheque.com\">www.culturetheque.com<\/a><\/p>\n","protected":false},"excerpt":{"rendered":"<p>Cu ocazia s\u0103rb\u0103torilor pascale, va inform\u0103m c\u0103 serviciile de \u00censcrieri Cursuri \u0219i Examene, \u00a0Campus France \u0219i Mediateca vor fi \u00eenchise \u00een perioada 4-13 aprilie 2026. Cinematograful Elvire Popesco va fi \u00eenchis \u00eentre 11-13 aprilie 2026. \u00cen aceast\u0103 perioad\u0103, ne pute\u021bi reg\u0103si pe:www.institutfrancais.rowww.elvrirepopesco.rowww.ifroumaniebibenligne.frwww.culturetheque.com<\/p>\n","protected":false},"author":15,"featured_media":12195,"comment_status":"closed","ping_status":"closed","sticky":false,"template":"","format":"standard","meta":{"footnotes":""},"categories":[400,231],"tags":[],"class_list":["post-12197","post","type-post","status-publish","format-standard","has-post-thumbnail","hentry","category-arhiva","category-examens-et-certifications-cursuri-si-examene-fr-2"],"_links":{"self":[{"href":"https:\/\/institutfrancais.ro\/bucuresti\/wp-json\/wp\/v2\/posts\/12197","targetHints":{"allow":["GET"]}}],"collection":[{"href":"https:\/\/institutfrancais.ro\/bucuresti\/wp-json\/wp\/v2\/posts"}],"about":[{"href":"https:\/\/institutfrancais.ro\/bucuresti\/wp-json\/wp\/v2\/types\/post"}],"author":[{"embeddable":true,"href":"https:\/\/institutfrancais.ro\/bucuresti\/wp-json\/wp\/v2\/users\/15"}],"replies":[{"embeddable":true,"href":"https:\/\/institutfrancais.ro\/bucuresti\/wp-json\/wp\/v2\/comments?post=12197"}],"version-history":[{"count":1,"href":"https:\/\/institutfrancais.ro\/bucuresti\/wp-json\/wp\/v2\/posts\/12197\/revisions"}],"predecessor-version":[{"id":12198,"href":"https:\/\/institutfrancais.ro\/bucuresti\/wp-json\/wp\/v2\/posts\/12197\/revisions\/12198"}],"wp:featuredmedia":[{"embeddable":true,"href":"https:\/\/institutfrancais.ro\/bucuresti\/wp-json\/wp\/v2\/media\/12195"}],"wp:attachment":[{"href":"https:\/\/institutfrancais.ro\/bucuresti\/wp-json\/wp\/v2\/media?parent=12197"}],"wp:term":[{"taxonomy":"category","embeddable":true,"href":"https:\/\/institutfrancais.ro\/bucuresti\/wp-json\/wp\/v2\/categories?post=12197"},{"taxonomy":"post_tag","embeddable":true,"href":"https:\/\/institutfrancais.ro\/bucuresti\/wp-json\/wp\/v2\/tags?post=12197"}],"curies":[{"name":"wp","href":"https:\/\/api.w.org\/{rel}","templated":true}]}}