{"id":13117,"date":"2026-08-19T08:02:02","date_gmt":"2026-08-19T08:02:02","guid":{"rendered":"https:\/\/institutfrancais.ro\/bucuresti\/?p=13117"},"modified":"2026-09-02T12:51:43","modified_gmt":"2026-09-02T12:51:43","slug":"apel-la-candidaturi-rezidenta-institut-francais-x-cite-internationale-des-arts","status":"publish","type":"post","link":"https:\/\/institutfrancais.ro\/bucuresti\/apel-la-candidaturi-rezidenta-institut-francais-x-cite-internationale-des-arts\/","title":{"rendered":"Apel la candidaturi &#8211; Reziden\u021ba Institut fran\u00e7ais x Cit\u00e9 internationale des arts"},"content":{"rendered":"\n<p class=\"wp-block-paragraph\">Institutul Francez din Rom\u00e2nia lanseaz\u0103 un apel la candidaturi pentru selectarea unui artist sau a unei artiste, respectiv a unui profesionist sau a unei profesioniste din domeniul cultural, care va fi propus(\u0103) pentru programul de reziden\u021be <strong>Institut fran\u00e7ais x Cit\u00e9 internationale des arts<\/strong>, desf\u0103\u0219urat la Paris.<\/p>\n\n\n\n<p class=\"wp-block-paragraph\">Acest program interna\u021bional ofer\u0103 anual arti\u0219tilor \u0219i profesioni\u0219tilor din domeniul cultural din \u00eentreaga lume oportunitatea de a dezvolta un proiect de cercetare \u0219i crea\u021bie \u00een inima Parisului, \u00een cadrul excep\u021bional al <strong>Cit\u00e9 internationale des arts<\/strong>.<\/p>\n\n\n\n<p class=\"wp-block-paragraph\"><\/p>\n\n\n\n<h3 class=\"wp-block-heading\"><strong>Informa\u021bii esen\u021biale<\/strong><\/h3>\n\n\n\n<p class=\"wp-block-paragraph\"><\/p>\n\n\n\n<ul class=\"wp-block-list\">\n<li><strong>Termen-limit\u0103 pentru depunerea candidaturilor:<\/strong> 16 septembrie 2026, ora 23:59<\/li>\n\n\n\n<li><strong>Durata reziden\u021bei:<\/strong> 3 luni<\/li>\n\n\n\n<li><strong>Locul desf\u0103\u0219ur\u0103rii:<\/strong> Cit\u00e9 internationale des arts, Paris<\/li>\n\n\n\n<li><strong>Important:<\/strong> selec\u021bia realizat\u0103 de Institutul Francez din Rom\u00e2nia reprezint\u0103 o etap\u0103 na\u021bional\u0103 de preselec\u021bie. <strong>Candida\u021bii \u0219i candidatele selecta\u021bi(e) nu sunt admi\u0219i automat \u00een programul de reziden\u021b\u0103<\/strong>. Dosarele acestora vor fi evaluate ulterior de comisia interna\u021bional\u0103 de selec\u021bie a Institut fran\u00e7ais \u0219i a Cit\u00e9 internationale des arts.<\/li>\n<\/ul>\n\n\n\n<p class=\"wp-block-paragraph\"><\/p>\n\n\n\n<h3 class=\"wp-block-heading\"><strong>Domenii eligibile<\/strong><\/h3>\n\n\n\n<p class=\"wp-block-paragraph\"><\/p>\n\n\n\n<p class=\"wp-block-paragraph\">Apelul se adreseaz\u0103 profesioni\u0219tilor din urm\u0103toarele domenii:<\/p>\n\n\n\n<ul class=\"wp-block-list\">\n<li>Arhitectur\u0103, peisagistic\u0103 \u0219i urbanism<\/li>\n\n\n\n<li>Arte stradale, circ \u0219i teatru de p\u0103pu\u0219i<\/li>\n\n\n\n<li>Arte vizuale<\/li>\n\n\n\n<li>Cinema (fic\u021biune, documentar, anima\u021bie, video-art)<\/li>\n\n\n\n<li>Crea\u021bie digital\u0103<\/li>\n\n\n\n<li>Critic\u0103 de art\u0103 \u0219i curatoriat<\/li>\n\n\n\n<li>Dans \u0219i performance<\/li>\n\n\n\n<li>Design \u0219i grafic\u0103<\/li>\n\n\n\n<li>Gastronomie<\/li>\n\n\n\n<li>Literatur\u0103<\/li>\n\n\n\n<li>Me\u0219te\u0219uguri artistice<\/li>\n\n\n\n<li>Mod\u0103<\/li>\n\n\n\n<li>Muzic\u0103<\/li>\n\n\n\n<li>Fotografie<\/li>\n\n\n\n<li>Teatru<\/li>\n<\/ul>\n\n\n\n<p class=\"wp-block-paragraph\"><\/p>\n\n\n\n<h3 class=\"wp-block-heading\"><strong>Condi\u021bii de eligibilitate<\/strong><\/h3>\n\n\n\n<p class=\"wp-block-paragraph\"><\/p>\n\n\n\n<p class=\"wp-block-paragraph\">Candida\u021bii trebuie:<\/p>\n\n\n\n<ul class=\"wp-block-list\">\n<li>s\u0103 aib\u0103 re\u0219edin\u021ba permanent\u0103 \u00een Rom\u00e2nia de cel pu\u021bin cinci ani;<\/li>\n\n\n\n<li>s\u0103 demonstreze o practic\u0103 artistic\u0103 sau cultural\u0103 recunoscut\u0103 la nivel profesional;<\/li>\n\n\n\n<li>s\u0103 fie disponibili pe \u00eentreaga durat\u0103 a reziden\u021bei;<\/li>\n\n\n\n<li>s\u0103 fie autonomi \u0219i s\u0103 cunoasc\u0103 limba francez\u0103 \u0219i\/sau limba englez\u0103 la un nivel profesional;<\/li>\n\n\n\n<li>s\u0103 beneficieze de sprijinul unuia sau mai multor parteneri culturali din Rom\u00e2nia \u0219i\/sau din Fran\u021ba.<\/li>\n<\/ul>\n\n\n\n<p class=\"wp-block-paragraph\"><\/p>\n\n\n\n<h3 class=\"wp-block-heading\">Beneficii<\/h3>\n\n\n\n<p class=\"wp-block-paragraph\">Reziden\u021ba <strong>Institut fran\u00e7ais x Cit\u00e9 internationale des arts<\/strong> ofer\u0103 laurea\u021bilor \u0219i laureatelor un ansamblu de sprijin material \u0219i financiar care permite realizarea proiectului \u00een cele mai bune condi\u021bii.<\/p>\n\n\n\n<p class=\"wp-block-paragraph\">Beneficiile includ:<\/p>\n\n\n\n<ul class=\"wp-block-list\">\n<li>acoperirea <strong>transportului interna\u021bional dus-\u00eentors<\/strong> \u00eentre ora\u0219ul de re\u0219edin\u021b\u0103 a laureatului\/ei \u0219i Paris;<\/li>\n\n\n\n<li><strong>punerea la dispozi\u021bie a unui spa\u021biu de locuit<\/strong> \u00een cadrul Cit\u00e9 internationale des arts pe \u00eentreaga durat\u0103 a reziden\u021bei;<\/li>\n\n\n\n<li>acordarea unei <strong>indemniza\u021bii de \u0219edere \u00een valoare minim\u0103 de 1.100 EUR pe lun\u0103<\/strong>, destinat\u0103 acoperirii cheltuielilor de trai la fa\u021ba locului.<\/li>\n<\/ul>\n\n\n\n<p class=\"wp-block-paragraph\"><\/p>\n\n\n\n<h3 class=\"wp-block-heading\"><strong>Reziden\u021ba<\/strong><\/h3>\n\n\n\n<p class=\"wp-block-paragraph\"><\/p>\n\n\n\n<p class=\"wp-block-paragraph\">Reziden\u021ba se desf\u0103\u0219oar\u0103 la <strong>Cit\u00e9 internationale des arts<\/strong>, la Paris.<\/p>\n\n\n\n<p class=\"wp-block-paragraph\"><strong>Durata:<\/strong> 3 luni<\/p>\n\n\n\n<p class=\"wp-block-paragraph\">Perioadele prev\u0103zute pentru desf\u0103\u0219urarea reziden\u021belor sunt:<\/p>\n\n\n\n<ul class=\"wp-block-list\">\n<li>9 aprilie \u2013 5 iulie 2027<\/li>\n\n\n\n<li>9 iulie \u2013 4 octombrie 2027<\/li>\n\n\n\n<li>8 octombrie 2027 \u2013 3 ianuarie 2028<\/li>\n\n\n\n<li>7 ianuarie \u2013 3 aprilie 2028<\/li>\n<\/ul>\n\n\n\n<p class=\"wp-block-paragraph\">Perioada final\u0103 a fiec\u0103rei reziden\u021be va fi stabilit\u0103 de Institut fran\u00e7ais \u0219i de Cit\u00e9 internationale des arts.<\/p>\n\n\n\n<p class=\"wp-block-paragraph\"><\/p>\n\n\n\n<h3 class=\"wp-block-heading\"><strong>Dosarul de candidatur\u0103<\/strong><\/h3>\n\n\n\n<p class=\"wp-block-paragraph\"><\/p>\n\n\n\n<p class=\"wp-block-paragraph\">Candida\u021bii trebuie s\u0103 transmit\u0103:<\/p>\n\n\n\n<ul class=\"wp-block-list\">\n<li>un curriculum vitae (maximum 4 pagini);<\/li>\n\n\n\n<li>un portofoliu artistic care s\u0103 includ\u0103 aproximativ zece imagini ale unor lucr\u0103ri realizate, \u00eenso\u021bite de legende complete (maximum 15 pagini), precum \u0219i, dup\u0103 caz, linkuri c\u0103tre materiale video sau audio (Vimeo, YouTube, SoundCloud etc.);<\/li>\n\n\n\n<li>o propunere de proiect (maximum 700 de cuvinte), care s\u0103 prezinte motiva\u021bia pentru desf\u0103\u0219urarea unei reziden\u021be la Paris \u0219i principalele direc\u021bii de cercetare \u0219i crea\u021bie;<\/li>\n\n\n\n<li>numele partenerilor din Rom\u00e2nia \u0219i din Fran\u021ba avu\u021bi \u00een vedere pentru realizarea proiectului.<\/li>\n<\/ul>\n\n\n\n<p class=\"wp-block-paragraph\"><\/p>\n\n\n\n<p class=\"wp-block-paragraph\">Candidaturile trebuie transmise <strong>\u00eentr-un singur fi\u0219ier PDF (maximum 20 MB)<\/strong> p\u00e2n\u0103 la <strong>16 septembrie 2026, ora 23:59<\/strong>, la urm\u0103toarea adres\u0103 de e-mail:<\/p>\n\n\n\n<p class=\"wp-block-paragraph\"><strong>Ioana Alexandru <\/strong><a href=\"mailto:ioana.alexandru@institutfrancais.ro\"><strong>ioana.alexandru@institutfrancais.ro<\/strong><\/a><\/p>\n\n\n\n<p class=\"wp-block-paragraph\"><\/p>\n\n\n\n<h3 class=\"wp-block-heading\"><strong>Calendar<\/strong><\/h3>\n\n\n\n<p class=\"wp-block-paragraph\"><\/p>\n\n\n\n<ul class=\"wp-block-list\">\n<li><strong>16 septembrie 2026 (23:59):<\/strong> \u00eenchiderea apelului la candidaturi al Institutului Francez din Rom\u00e2nia;<\/li>\n\n\n\n<li><strong>septembrie 2026:<\/strong> preselec\u021bia realizat\u0103 de Institutul Francez din Rom\u00e2nia;<\/li>\n\n\n\n<li><strong>octombrie 2026:<\/strong> transmiterea candidaturilor selectate c\u0103tre Institut fran\u00e7ais;<\/li>\n\n\n\n<li><strong>decembrie 2026:<\/strong> reuniunea comisiei interna\u021bionale de selec\u021bie;<\/li>\n\n\n\n<li><strong>ianuarie 2027:<\/strong> anun\u021barea rezultatelor.<\/li>\n<\/ul>\n\n\n\n<p class=\"wp-block-paragraph\"><\/p>\n\n\n\n<h3 class=\"wp-block-heading\"><strong>Criterii de selec\u021bie<\/strong><\/h3>\n\n\n\n<p class=\"wp-block-paragraph\"><\/p>\n\n\n\n<p class=\"wp-block-paragraph\">Candidaturile vor fi evaluate \u00een func\u021bie de:<\/p>\n\n\n\n<ul class=\"wp-block-list\">\n<li>parcursul profesional al candidatului sau candidatei;<\/li>\n\n\n\n<li>calitatea artistic\u0103 \u0219i intelectual\u0103 a proiectului propus;<\/li>\n\n\n\n<li>relevan\u021ba programului de lucru propus pentru perioada reziden\u021bei;<\/li>\n\n\n\n<li>leg\u0103turile existente sau poten\u021biale cu scena artistic\u0103 francez\u0103 \u0219i colabor\u0103rile avute \u00een vedere.<\/li>\n<\/ul>\n\n\n\n<p class=\"wp-block-paragraph\">O aten\u021bie deosebit\u0103 va fi acordat\u0103 diversit\u0103\u021bii profilurilor \u0219i disciplinelor reprezentate.<\/p>\n\n\n\n<p class=\"wp-block-paragraph\"><\/p>\n\n\n\n<h3 class=\"wp-block-heading\"><strong>Contact<\/strong><\/h3>\n\n\n\n<p class=\"wp-block-paragraph\">Pentru orice \u00eentrebare referitoare la acest apel la candidaturi:<\/p>\n\n\n\n<p class=\"wp-block-paragraph\"><strong>Ioana Alexandru ioana.alexandru@institutfrancais.ro<\/strong><\/p>\n\n\n\n<p class=\"wp-block-paragraph\"><\/p>\n","protected":false},"excerpt":{"rendered":"<p>Institutul Francez din Rom\u00e2nia lanseaz\u0103 un apel la candidaturi pentru selectarea unui artist sau a unei artiste, respectiv a unui profesionist sau a unei profesioniste din domeniul cultural, care va fi propus(\u0103) pentru programul de reziden\u021be Institut fran\u00e7ais x Cit\u00e9 internationale des arts, desf\u0103\u0219urat la Paris. Acest program interna\u021bional ofer\u0103 anual arti\u0219tilor \u0219i profesioni\u0219tilor din [&hellip;]<\/p>\n","protected":false},"author":15,"featured_media":13118,"comment_status":"open","ping_status":"open","sticky":false,"template":"","format":"standard","meta":{"footnotes":""},"categories":[58],"tags":[],"class_list":["post-13117","post","type-post","status-publish","format-standard","has-post-thumbnail","hentry","category-sprijin-pentru-scena-artistica"],"_links":{"self":[{"href":"https:\/\/institutfrancais.ro\/bucuresti\/wp-json\/wp\/v2\/posts\/13117","targetHints":{"allow":["GET"]}}],"collection":[{"href":"https:\/\/institutfrancais.ro\/bucuresti\/wp-json\/wp\/v2\/posts"}],"about":[{"href":"https:\/\/institutfrancais.ro\/bucuresti\/wp-json\/wp\/v2\/types\/post"}],"author":[{"embeddable":true,"href":"https:\/\/institutfrancais.ro\/bucuresti\/wp-json\/wp\/v2\/users\/15"}],"replies":[{"embeddable":true,"href":"https:\/\/institutfrancais.ro\/bucuresti\/wp-json\/wp\/v2\/comments?post=13117"}],"version-history":[{"count":7,"href":"https:\/\/institutfrancais.ro\/bucuresti\/wp-json\/wp\/v2\/posts\/13117\/revisions"}],"predecessor-version":[{"id":13276,"href":"https:\/\/institutfrancais.ro\/bucuresti\/wp-json\/wp\/v2\/posts\/13117\/revisions\/13276"}],"wp:featuredmedia":[{"embeddable":true,"href":"https:\/\/institutfrancais.ro\/bucuresti\/wp-json\/wp\/v2\/media\/13118"}],"wp:attachment":[{"href":"https:\/\/institutfrancais.ro\/bucuresti\/wp-json\/wp\/v2\/media?parent=13117"}],"wp:term":[{"taxonomy":"category","embeddable":true,"href":"https:\/\/institutfrancais.ro\/bucuresti\/wp-json\/wp\/v2\/categories?post=13117"},{"taxonomy":"post_tag","embeddable":true,"href":"https:\/\/institutfrancais.ro\/bucuresti\/wp-json\/wp\/v2\/tags?post=13117"}],"curies":[{"name":"wp","href":"https:\/\/api.w.org\/{rel}","templated":true}]}}