{"id":13155,"date":"2026-09-01T09:58:27","date_gmt":"2026-09-01T09:58:27","guid":{"rendered":"https:\/\/institutfrancais.ro\/bucuresti\/?p=13155"},"modified":"2026-09-01T09:58:29","modified_gmt":"2026-09-01T09:58:29","slug":"apelul-impuls-propuneti-proiectul-dumneavoastra-institutului-francez-din-romania","status":"publish","type":"post","link":"https:\/\/institutfrancais.ro\/bucuresti\/apelul-impuls-propuneti-proiectul-dumneavoastra-institutului-francez-din-romania\/","title":{"rendered":"Apelul IMPULS: Propune\u021bi proiectul dumneavoastr\u0103 Institutului Francez din Rom\u00e2nia"},"content":{"rendered":"\n<p class=\"wp-block-paragraph\"><\/p>\n\n\n\n<p class=\"wp-block-paragraph\">Ave\u021bi un proiect cultural \u0219i dori\u021bi s\u0103 dezvolta\u021bi o colaborare cu Institutul Francez din Rom\u00e2nia?<\/p>\n\n\n\n<p class=\"wp-block-paragraph\">\u00cen cadrul <strong>apelului de manifestare a interesului numit IMPULS<\/strong>, Institutul Francez din Rom\u00e2nia colecteaz\u0103 \u0219i analizeaz\u0103 propunerile de proiecte ini\u021biate de arti\u0219ti, profesioni\u0219ti, asocia\u021bii, institu\u021bii \u0219i al\u021bi actori culturali din Rom\u00e2nia.<\/p>\n\n\n\n<p class=\"wp-block-paragraph\">Apelul IMPULS are ca obiectiv sprijinirea \u0219i \u00eenso\u021birea ini\u021biativelor culturale care prezint\u0103 interes pentru schimburile franco-rom\u00e2ne \u0219i pentru dezvoltarea cooper\u0103rii culturale. Sprijinul acordat de Institutul Francez poate lua forme diferite, \u00een func\u021bie de natura \u0219i nevoile fiec\u0103rui proiect.<\/p>\n\n\n\n<p class=\"wp-block-paragraph\"><\/p>\n\n\n\n<h3 class=\"wp-block-heading\">Ce tipuri de proiecte?<\/h3>\n\n\n\n<p class=\"wp-block-paragraph\"><\/p>\n\n\n\n<p class=\"wp-block-paragraph\">Propunerile pot viza, \u00een special, urm\u0103toarele domenii:<\/p>\n\n\n\n<ul class=\"wp-block-list\">\n<li>Arhitectur\u0103, design \u0219i urbanism<\/li>\n\n\n\n<li>Arte vizuale, muzee \u0219i patrimoniu<\/li>\n\n\n\n<li>Film \u0219i audiovizual<\/li>\n\n\n\n<li>Institu\u021bii culturale \u0219i cooperare interna\u021bional\u0103<\/li>\n\n\n\n<li>Carte \u0219i editare<\/li>\n\n\n\n<li>Management cultural<\/li>\n\n\n\n<li>Muzic\u0103<\/li>\n\n\n\n<li>Artele spectacolului<\/li>\n<\/ul>\n\n\n\n<p class=\"wp-block-paragraph\"><\/p>\n\n\n\n<h3 class=\"wp-block-heading\">Ce tip de sprijin poate fi solicitat?<\/h3>\n\n\n\n<p class=\"wp-block-paragraph\"><\/p>\n\n\n\n<p class=\"wp-block-paragraph\">\u00cen func\u021bie de caracteristicile proiectului, solicit\u0103rile pot viza, printre altele:<\/p>\n\n\n\n<ul class=\"wp-block-list\">\n<li>comunicare \u0219i diseminarea informa\u021biilor;<\/li>\n\n\n\n<li>mobilitate;<\/li>\n\n\n\n<li>facilitarea contactelor cu parteneri;<\/li>\n\n\n\n<li>punerea la dispozi\u021bie a unor spa\u021bii;<\/li>\n\n\n\n<li>sprijin financiar;<\/li>\n\n\n\n<li>alte forme de acompaniere, care vor fi precizate \u00een formular.<\/li>\n<\/ul>\n\n\n\n<p class=\"wp-block-paragraph\"><\/p>\n\n\n\n<p class=\"wp-block-paragraph\">O aten\u021bie deosebit\u0103 poate fi acordat\u0103 proiectelor care contribuie la crea\u021bia contemporan\u0103, la dezvoltarea colabor\u0103rilor franco-rom\u00e2ne sau la consolidarea schimburilor dintre actorii culturali.<\/p>\n\n\n\n<p class=\"wp-block-paragraph\"><\/p>\n\n\n\n<h3 class=\"wp-block-heading\">Cum se propune un proiect?<\/h3>\n\n\n\n<p class=\"wp-block-paragraph\"><\/p>\n\n\n\n<p class=\"wp-block-paragraph\">Pentru a permite echipelor noastre s\u0103 identifice, orienteze \u0219i analizeze mai eficient propunerile primite, <a href=\"https:\/\/forms.cloud.microsoft\/e\/B5xXS9i7fx\" data-type=\"link\" data-id=\"https:\/\/forms.cloud.microsoft\/e\/B5xXS9i7fx\"><strong>orice propunere de proiect trebuie transmis\u0103 prin formularul dedicat<\/strong>.<\/a><\/p>\n\n\n\n<p class=\"wp-block-paragraph\">Formularul este disponibil \u00een limbile francez\u0103 \u0219i rom\u00e2n\u0103 \u0219i permite prezentarea proiectului, a obiectivelor, a publicului vizat, a calendarului, precum \u0219i a tipului de sprijin solicitat din partea Institutului Francez din Rom\u00e2nia.<\/p>\n\n\n\n<p class=\"wp-block-paragraph\">Propunerile sunt analizate de echipele Institutului Francez din Rom\u00e2nia \u00een func\u021bie de natura proiectului, de relevan\u021ba acestuia \u00een raport cu priorit\u0103\u021bile noastre \u0219i de posibilit\u0103\u021bile de colaborare \u0219i sprijin disponibile.<\/p>\n\n\n\n<p class=\"wp-block-paragraph\"><strong>Transmiterea formularului nu garanteaz\u0103 ob\u021binerea unei finan\u021b\u0103ri sau a unui sprijin din partea Institutului Francez din Rom\u00e2nia.<\/strong><\/p>\n\n\n\n<p class=\"wp-block-paragraph\">Pentru orice propunere de proiect, v\u0103 invit\u0103m s\u0103 utiliza\u021bi formularul dedicat, \u00een locul trimiterii unei solicit\u0103ri prin e-mail.<\/p>\n\n\n\n<p class=\"wp-block-paragraph\"><\/p>\n","protected":false},"excerpt":{"rendered":"<p>Ave\u021bi un proiect cultural \u0219i dori\u021bi s\u0103 dezvolta\u021bi o colaborare cu Institutul Francez din Rom\u00e2nia? \u00cen cadrul apelului de manifestare a interesului numit IMPULS, Institutul Francez din Rom\u00e2nia colecteaz\u0103 \u0219i analizeaz\u0103 propunerile de proiecte ini\u021biate de arti\u0219ti, profesioni\u0219ti, asocia\u021bii, institu\u021bii \u0219i al\u021bi actori culturali din Rom\u00e2nia. Apelul IMPULS are ca obiectiv sprijinirea \u0219i \u00eenso\u021birea ini\u021biativelor [&hellip;]<\/p>\n","protected":false},"author":15,"featured_media":13157,"comment_status":"open","ping_status":"open","sticky":false,"template":"","format":"standard","meta":{"footnotes":""},"categories":[369,58],"tags":[],"class_list":["post-13155","post","type-post","status-publish","format-standard","has-post-thumbnail","hentry","category-noutati","category-sprijin-pentru-scena-artistica"],"_links":{"self":[{"href":"https:\/\/institutfrancais.ro\/bucuresti\/wp-json\/wp\/v2\/posts\/13155","targetHints":{"allow":["GET"]}}],"collection":[{"href":"https:\/\/institutfrancais.ro\/bucuresti\/wp-json\/wp\/v2\/posts"}],"about":[{"href":"https:\/\/institutfrancais.ro\/bucuresti\/wp-json\/wp\/v2\/types\/post"}],"author":[{"embeddable":true,"href":"https:\/\/institutfrancais.ro\/bucuresti\/wp-json\/wp\/v2\/users\/15"}],"replies":[{"embeddable":true,"href":"https:\/\/institutfrancais.ro\/bucuresti\/wp-json\/wp\/v2\/comments?post=13155"}],"version-history":[{"count":7,"href":"https:\/\/institutfrancais.ro\/bucuresti\/wp-json\/wp\/v2\/posts\/13155\/revisions"}],"predecessor-version":[{"id":13241,"href":"https:\/\/institutfrancais.ro\/bucuresti\/wp-json\/wp\/v2\/posts\/13155\/revisions\/13241"}],"wp:featuredmedia":[{"embeddable":true,"href":"https:\/\/institutfrancais.ro\/bucuresti\/wp-json\/wp\/v2\/media\/13157"}],"wp:attachment":[{"href":"https:\/\/institutfrancais.ro\/bucuresti\/wp-json\/wp\/v2\/media?parent=13155"}],"wp:term":[{"taxonomy":"category","embeddable":true,"href":"https:\/\/institutfrancais.ro\/bucuresti\/wp-json\/wp\/v2\/categories?post=13155"},{"taxonomy":"post_tag","embeddable":true,"href":"https:\/\/institutfrancais.ro\/bucuresti\/wp-json\/wp\/v2\/tags?post=13155"}],"curies":[{"name":"wp","href":"https:\/\/api.w.org\/{rel}","templated":true}]}}