{"id":13195,"date":"2026-08-31T07:20:51","date_gmt":"2026-08-31T07:20:51","guid":{"rendered":"https:\/\/institutfrancais.ro\/bucuresti\/?p=13195"},"modified":"2026-08-31T07:20:54","modified_gmt":"2026-08-31T07:20:54","slug":"agenda-culturala-septembrie-2026","status":"publish","type":"post","link":"https:\/\/institutfrancais.ro\/bucuresti\/agenda-culturala-septembrie-2026\/","title":{"rendered":"Agenda cultural\u0103: Septembrie 2026"},"content":{"rendered":"\n<p class=\"wp-block-paragraph\"><\/p>\n\n\n\n<p class=\"wp-block-paragraph\">\u00cen luna septembrie, Institutul Francez din Rom\u00e2nia d\u0103 startul noului sezon cultural cu un program care aduce \u00eempreun\u0103 dansul contemporan, literatura, artele vizuale, muzica \u0219i noile forme de crea\u021bie, al\u0103turi de proiecte realizate \u00een parteneriat cu institu\u021bii \u0219i festivaluri din Rom\u00e2nia.<\/p>\n\n\n\n<p class=\"wp-block-paragraph\"><\/p>\n\n\n\n<div data-wp-interactive=\"core\/file\" class=\"wp-block-file\"><object data-wp-bind--hidden=\"!state.hasPdfPreview\" hidden class=\"wp-block-file__embed\" data=\"https:\/\/institutfrancais.ro\/bucuresti\/wp-content\/uploads\/sites\/2\/2026\/08\/Afis-cultural-septembrie-2026.pdf\" type=\"application\/pdf\" style=\"width:100%;height:600px\" aria-label=\"\u00cenglobare pentru Afis cultural septembrie 2026.\"><\/object><a id=\"wp-block-file--media-d2ff6459-2db9-41ca-b685-141132e2d95c\" href=\"https:\/\/institutfrancais.ro\/bucuresti\/wp-content\/uploads\/sites\/2\/2026\/08\/Afis-cultural-septembrie-2026.pdf\">Afis cultural septembrie 2026<\/a><a href=\"https:\/\/institutfrancais.ro\/bucuresti\/wp-content\/uploads\/sites\/2\/2026\/08\/Afis-cultural-septembrie-2026.pdf\" class=\"wp-block-file__button wp-element-button\" download aria-describedby=\"wp-block-file--media-d2ff6459-2db9-41ca-b685-141132e2d95c\">Descarc\u0103<\/a><\/div>\n\n\n\n<h3 class=\"wp-block-heading\"><br>Reperele lunii<\/h3>\n\n\n\n<p class=\"wp-block-paragraph\"><\/p>\n\n\n\n<p class=\"wp-block-paragraph\">CONNECT DANCE revine \u00een septembrie cu spectacole de dans contemporan semnate de Rebecca Journo \u0219i Sol\u00e8ne Weinachter, prezentate la Constan\u021ba, Bucure\u0219ti \u0219i Craiova. La Bucure\u0219ti, spectacolul AFTER ALL, de Sol\u00e8ne Weinachter, va putea fi v\u0103zut pe 8 septembrie la Centrul Na\u021bional al Dansului Bucure\u0219ti.<\/p>\n\n\n\n<p class=\"wp-block-paragraph\">\u00cen zona artelor vizuale, expozi\u021bia \u201eRegarde l\u2019Ukraine \u2013 O relatare fragmentat\u0103 a independen\u021bei Ucrainei\u201d, de Oleksandr Glyadyelov, poate fi vizitat\u0103 \u00een perioada 10 septembrie \u2013 10 octombrie la Institutul Francez.<\/p>\n\n\n\n<p class=\"wp-block-paragraph\">Luna septembrie aduce \u0219i mai multe \u00eent\u00e2lniri literare. Pe 15 septembrie, poetul Yekta este invitat la Libr\u0103ria Kyralina, \u00een cadrul Festivalului Interna\u021bional de Poezie de la Bucure\u0219ti. Pe 18 septembrie, Institutul Francez g\u0103zduie\u0219te o \u00eent\u00e2lnire cu poetele franceze B\u00e9atrice Bonhomme, Carole Carcillo Mesrobian \u0219i Catherine Pont-Humbert, moderat\u0103 de Magda C\u00e2rneci. <br>Pe 23 septembrie, scriitorul <strong>Kamel Daoud<\/strong> va participa la o discu\u021bie despre provoc\u0103rile literaturii \u00een contextul lumii actuale, moderat\u0103 de Adina Dini\u021boiu.<\/p>\n\n\n\n<p class=\"wp-block-paragraph\">\u00cen domeniul arhitecturii \u0219i designului, Bienala de Arhitectur\u0103 de la Timi\u0219oara (BETA) propune, \u00een perioada 4 septembrie \u2013 16 octombrie, tema \u201eIn Practice, as opposed to \u2018In Theory\u2019\u201d, cu evenimente la Timi\u0219oara \u0219i Bucure\u0219ti. Pe 18 septembrie, Local Design Awards Gala \u00eel are ca invitat pe Jean-Michel G\u00e9ridan, directorul Le Signe \u2013 Centrul na\u021bional pentru design grafic.<\/p>\n\n\n\n<p class=\"wp-block-paragraph\">Programul muzical include Mastering the Music Business (MMB), \u00eentre 1 \u0219i 3 septembrie, \u0219i Festivalul Orizont Sonor, organizat de Institutul Francez din Rom\u00e2nia \u0219i Goethe-Institut Rom\u00e2nia, \u00eentre 24 \u0219i 25 septembrie.<\/p>\n\n\n\n<p class=\"wp-block-paragraph\">\u00cen cinematografie, Cinema Elvire Popesco continu\u0103 colabor\u0103rile cu festivaluri \u0219i institu\u021bii culturale prin Retrospectiva Anonimul, Laboratorul de interac\u021biune cu filmul, proiec\u021bia special\u0103 Can You Hear Me?, o sear\u0103 dedicat\u0103 lui Michael Haneke, Noaptea Alb\u0103 a Filmului Rom\u00e2nesc \u0219i BIEFF.<\/p>\n\n\n\n<p class=\"wp-block-paragraph\">Calendarul complet al evenimentelor din luna septembrie este disponibil \u00een materialul ata\u0219at.<\/p>\n\n\n\n<p class=\"wp-block-paragraph\"><\/p>\n","protected":false},"excerpt":{"rendered":"<p>\u00cen luna septembrie, Institutul Francez din Rom\u00e2nia d\u0103 startul noului sezon cultural cu un program care aduce \u00eempreun\u0103 dansul contemporan, literatura, artele vizuale, muzica \u0219i noile forme de crea\u021bie, al\u0103turi de proiecte realizate \u00een parteneriat cu institu\u021bii \u0219i festivaluri din Rom\u00e2nia. Reperele lunii CONNECT DANCE revine \u00een septembrie cu spectacole de dans contemporan semnate de [&hellip;]<\/p>\n","protected":false},"author":15,"featured_media":13201,"comment_status":"open","ping_status":"open","sticky":false,"template":"","format":"standard","meta":{"footnotes":""},"categories":[229,369,60],"tags":[],"class_list":["post-13195","post","type-post","status-publish","format-standard","has-post-thumbnail","hentry","category-evenimente","category-noutati","category-program-cinema-elvire-popesco"],"_links":{"self":[{"href":"https:\/\/institutfrancais.ro\/bucuresti\/wp-json\/wp\/v2\/posts\/13195","targetHints":{"allow":["GET"]}}],"collection":[{"href":"https:\/\/institutfrancais.ro\/bucuresti\/wp-json\/wp\/v2\/posts"}],"about":[{"href":"https:\/\/institutfrancais.ro\/bucuresti\/wp-json\/wp\/v2\/types\/post"}],"author":[{"embeddable":true,"href":"https:\/\/institutfrancais.ro\/bucuresti\/wp-json\/wp\/v2\/users\/15"}],"replies":[{"embeddable":true,"href":"https:\/\/institutfrancais.ro\/bucuresti\/wp-json\/wp\/v2\/comments?post=13195"}],"version-history":[{"count":3,"href":"https:\/\/institutfrancais.ro\/bucuresti\/wp-json\/wp\/v2\/posts\/13195\/revisions"}],"predecessor-version":[{"id":13213,"href":"https:\/\/institutfrancais.ro\/bucuresti\/wp-json\/wp\/v2\/posts\/13195\/revisions\/13213"}],"wp:featuredmedia":[{"embeddable":true,"href":"https:\/\/institutfrancais.ro\/bucuresti\/wp-json\/wp\/v2\/media\/13201"}],"wp:attachment":[{"href":"https:\/\/institutfrancais.ro\/bucuresti\/wp-json\/wp\/v2\/media?parent=13195"}],"wp:term":[{"taxonomy":"category","embeddable":true,"href":"https:\/\/institutfrancais.ro\/bucuresti\/wp-json\/wp\/v2\/categories?post=13195"},{"taxonomy":"post_tag","embeddable":true,"href":"https:\/\/institutfrancais.ro\/bucuresti\/wp-json\/wp\/v2\/tags?post=13195"}],"curies":[{"name":"wp","href":"https:\/\/api.w.org\/{rel}","templated":true}]}}