{"id":141,"date":"2022-01-09T08:48:00","date_gmt":"2022-01-09T08:48:00","guid":{"rendered":"https:\/\/institutfrancais.ro\/bucuresti\/?p=141"},"modified":"2022-12-06T13:17:42","modified_gmt":"2022-12-06T13:17:42","slug":"cursuri-online-de-romana","status":"publish","type":"post","link":"https:\/\/institutfrancais.ro\/bucuresti\/cursuri-online-de-romana\/","title":{"rendered":"Cursuri online de rom\u00e2n\u0103"},"content":{"rendered":"\n<p>S\u0103 \u00een\u021belegi \u0219i s\u0103 te faci \u00een\u021beles rapid este esen\u0163ial c\u00e2nd te stabile\u015fti \u00eentr-o \u021bar\u0103 str\u0103in\u0103. \u021ainute de formatori nativi, form\u0103rile noastre de rom\u00e2n\u0103 privilegiaz\u0103 practica \u0219i acord\u0103 un loc important \u201climbii rom\u00e2ne de zi cu zi\u201d.<\/p>\n\n\n\n<p>Institutul Francez v\u0103 propune urmatoarele formule:<\/p>\n\n\n\n<p>\u2013 cursuri individuale<\/p>\n\n\n\n<p>\u2013 cursuri \u00een grupe mici<\/p>\n\n\n\n<p>\u2013 cursuri \u00een \u00eentreprindere<\/p>\n\n\n\n<p>\u2013 sesiuni extensive de 30 ore<\/p>\n\n\n\n<ul class=\"wp-block-list\" id=\"block-4fc99201-58e9-4b38-ac4f-842bd63d89a3\"><li>Ritmul de studiu: 2 \u0219edin\u021be\/ s\u0103pt\u0103m\u00e2n\u0103, diminea\u0163a (10h00\u201312h00) sau seara (18h30\u201320h30)<\/li><li>Grupe&nbsp;de maximum 5 persoane<\/li><\/ul>\n\n\n\n<p><\/p>\n\n\n\n<figure class=\"wp-block-table\"><table><tbody><tr><td class=\"has-text-align-center\" data-align=\"center\"><strong>Urm\u0103toarele cursuri se vor desf\u0103\u015fura online din 17 octombrie pan\u0103 pe 9 decembrie<\/strong><br>\u00censcrieri doar de la distan\u021b\u0103 din 3 p\u00e2n\u0103 pe 11 octombrie&nbsp;prin completarea formularului&nbsp;<a href=\"https:\/\/docs.google.com\/forms\/d\/1CvkRxyZug0517D-GqrNzII-DNfx8nc3QRirGEF-jtFk\/edit\"><strong>https:\/\/InscriptionCoursDeRoumain<\/strong><\/a><\/td><\/tr><\/tbody><\/table><\/figure>\n\n\n\n<p><\/p>\n\n\n\n<p><strong>Sesiuni extensive 2022<\/strong><\/p>\n\n\n\n<figure class=\"wp-block-table\"><table><thead><tr><td><strong>SESIUNI<\/strong><\/td><td><strong>\u00ceNSCRIERI<\/strong><\/td><td><strong>TARIFE<\/strong><\/td><\/tr><\/thead><tbody><tr><td><strong>Sesiune EXTENSIVA online<\/strong> 07\/02&nbsp;&#8211;&nbsp;31\/03<\/td><td>25\/01&nbsp;&#8211;&nbsp;01\/02<\/td><td>1200 LEI<\/td><\/tr><tr><td><strong>Sesiune EXTENSIVA online<\/strong> 19\/04&nbsp;&#8211;&nbsp;22\/06<\/td><td>4&nbsp;&#8211;&nbsp;12\/04<\/td><td>1200 LEI<\/td><\/tr><tr><td><strong>Sesiune EXTENSIVA online<\/strong> 17\/10&nbsp;&#8211;&nbsp;9\/12<\/td><td>3&nbsp;&#8211;&nbsp;11\/10<\/td><td>1200 LEI<\/td><\/tr><\/tbody><\/table><\/figure>\n\n\n\n<p>*<a href=\"https:\/\/institutfrancais.ro\/bucuresti\/wp-content\/uploads\/sites\/2\/2022\/05\/Conditions-generales-CRO-online-2022.pdf\"><mark style=\"background-color:#ffffff\" class=\"has-inline-color has-luminous-vivid-orange-color\"><strong>Condi\u021bii generale<\/strong><\/mark><\/a><\/p>\n\n\n\n<p>*<a href=\"https:\/\/institutfrancais.ro\/bucuresti\/wp-content\/uploads\/sites\/2\/2021\/10\/Ghid_utilizare_zoom.pdf\"><mark><mark style=\"background-color:#ffffff\" class=\"has-inline-color has-luminous-vivid-orange-color\"><strong>Ghid utilizare zoom<\/strong><\/mark><\/mark><\/a><\/p>\n\n\n\n<div class=\"wp-block-buttons is-content-justification-center is-layout-flex wp-container-core-buttons-is-layout-16018d1d wp-block-buttons-is-layout-flex\">\n<div class=\"wp-block-button\"><a class=\"wp-block-button__link has-white-color has-vivid-cyan-blue-background-color has-text-color has-background\" href=\"https:\/\/docs.google.com\/forms\/d\/1CvkRxyZug0517D-GqrNzII-DNfx8nc3QRirGEF-jtFk\/viewform?edit_requested=true\"><strong>Click aici pentru \u00eenscrieri<\/strong><\/a><\/div>\n<\/div>\n\n\n\n<div class='kiosque-aec'><div\n data-module='classes'\n data-action='courses-selection-tiles'\n data-param-etablishment-branch-id='12'\n data-param-period-id=''\n data-param-classification-id='2'\n data-param-subject-id='2'\n data-param-class-type-id='82'\n data-param-main-level=''\n data-param-levels-to-filter-by=''\n data-param-localization=''\n data-param-class-format-id=''\n data-param-show-filter-choices='1'\n data-param-lang='ro_RO'><\/div><\/div>\n\n\n\n<p>CONTACT<\/p>\n\n\n\n<p>0374 125&nbsp;209\/ 0374 125&nbsp;224<\/p>\n\n\n\n<p><a href=\"http:\/\/inscri@institutfrancais.ro\/\">inscri@institutfrancais.ro<\/a><\/p>\n","protected":false},"excerpt":{"rendered":"<p>S\u0103 \u00een\u021belegi \u0219i s\u0103 te faci \u00een\u021beles rapid este esen\u0163ial c\u00e2nd te stabile\u015fti \u00eentr-o \u021bar\u0103 str\u0103in\u0103. \u021ainute de formatori nativi, form\u0103rile noastre de rom\u00e2n\u0103 privilegiaz\u0103 practica \u0219i acord\u0103 un loc important \u201climbii rom\u00e2ne de zi cu zi\u201d. Institutul Francez v\u0103 propune urmatoarele formule: \u2013 cursuri individuale \u2013 cursuri \u00een grupe mici \u2013 cursuri \u00een \u00eentreprindere [&hellip;]<\/p>\n","protected":false},"author":2,"featured_media":5047,"comment_status":"open","ping_status":"open","sticky":false,"template":"","format":"standard","meta":{"footnotes":""},"categories":[50,21,24],"tags":[],"class_list":["post-141","post","type-post","status-publish","format-standard","has-post-thumbnail","hentry","category-cursuri-online-2-2","category-cursuri-si-examene","category-invata-romana"],"_links":{"self":[{"href":"https:\/\/institutfrancais.ro\/bucuresti\/wp-json\/wp\/v2\/posts\/141","targetHints":{"allow":["GET"]}}],"collection":[{"href":"https:\/\/institutfrancais.ro\/bucuresti\/wp-json\/wp\/v2\/posts"}],"about":[{"href":"https:\/\/institutfrancais.ro\/bucuresti\/wp-json\/wp\/v2\/types\/post"}],"author":[{"embeddable":true,"href":"https:\/\/institutfrancais.ro\/bucuresti\/wp-json\/wp\/v2\/users\/2"}],"replies":[{"embeddable":true,"href":"https:\/\/institutfrancais.ro\/bucuresti\/wp-json\/wp\/v2\/comments?post=141"}],"version-history":[{"count":30,"href":"https:\/\/institutfrancais.ro\/bucuresti\/wp-json\/wp\/v2\/posts\/141\/revisions"}],"predecessor-version":[{"id":5553,"href":"https:\/\/institutfrancais.ro\/bucuresti\/wp-json\/wp\/v2\/posts\/141\/revisions\/5553"}],"wp:featuredmedia":[{"embeddable":true,"href":"https:\/\/institutfrancais.ro\/bucuresti\/wp-json\/wp\/v2\/media\/5047"}],"wp:attachment":[{"href":"https:\/\/institutfrancais.ro\/bucuresti\/wp-json\/wp\/v2\/media?parent=141"}],"wp:term":[{"taxonomy":"category","embeddable":true,"href":"https:\/\/institutfrancais.ro\/bucuresti\/wp-json\/wp\/v2\/categories?post=141"},{"taxonomy":"post_tag","embeddable":true,"href":"https:\/\/institutfrancais.ro\/bucuresti\/wp-json\/wp\/v2\/tags?post=141"}],"curies":[{"name":"wp","href":"https:\/\/api.w.org\/{rel}","templated":true}]}}