{"id":6625,"date":"2023-06-14T14:45:35","date_gmt":"2023-06-14T14:45:35","guid":{"rendered":"https:\/\/institutfrancais.ro\/bucuresti\/?p=6625"},"modified":"2023-06-14T14:45:41","modified_gmt":"2023-06-14T14:45:41","slug":"vive-lete-la-cinema-elvire-popesco","status":"publish","type":"post","link":"https:\/\/institutfrancais.ro\/bucuresti\/vive-lete-la-cinema-elvire-popesco\/","title":{"rendered":"<em><strong>VIVE L\u2019\u00c9T\u00c9 ! la Cinema Elvire Popesco<\/strong><\/em><strong><em><\/em><\/strong>"},"content":{"rendered":"\n<p>\u00centre 12 \u0219i 14 iunie v\u0103 prezent\u0103m la cinema Elvire Popesco trei filme pentru a celebra venirea verii:<\/p>\n\n\n\n<p>Luni, 12 iunie, 20:30<\/p>\n\n\n\n<p>        <strong>LUMI\u00c8RE D&#8217;\u00c9T\u00c9,<\/strong> de Jean Gr\u00e9millon, subtitrat \u00een limba rom\u00e2n\u0103<\/p>\n\n\n\n<p>Mar\u021bi, 13 iunie, 20:30<\/p>\n\n\n\n<p>        <strong>CONTE D&#8217;\u00c9T\u00c9<\/strong>, de \u00c9ric Rohmer, subtitrat \u00een limba rom\u00e2n\u0103<\/p>\n\n\n\n<p>Miercuri, 14 iunie, 18:30<\/p>\n\n\n\n<p>        <strong>CHRONIQUE D&#8217;UN \u00c9T\u00c9<\/strong>, de Jean Rouch \u0219i Edgar Morin, subtitrat \u00een limba englez\u0103<\/p>\n\n\n\n<p><a href=\"https:\/\/eventbook.ro\/hall\/cinema-elvire-popesco\" data-type=\"URL\" data-id=\"https:\/\/eventbook.ro\/hall\/cinema-elvire-popesco\" target=\"_blank\" rel=\"noreferrer noopener\">Bilete pe Eventbook.ro.<\/a><\/p>\n","protected":false},"excerpt":{"rendered":"<p>\u00centre 12 \u0219i 14 iunie v\u0103 prezent\u0103m la cinema Elvire Popesco trei filme pentru a celebra venirea verii: Luni, 12 iunie, 20:30 LUMI\u00c8RE D&#8217;\u00c9T\u00c9, de Jean Gr\u00e9millon, subtitrat \u00een limba rom\u00e2n\u0103 Mar\u021bi, 13 iunie, 20:30 CONTE D&#8217;\u00c9T\u00c9, de \u00c9ric Rohmer, subtitrat \u00een limba rom\u00e2n\u0103 Miercuri, 14 iunie, 18:30 CHRONIQUE D&#8217;UN \u00c9T\u00c9, de Jean Rouch \u0219i [&hellip;]<\/p>\n","protected":false},"author":3,"featured_media":6626,"comment_status":"open","ping_status":"open","sticky":false,"template":"","format":"standard","meta":{"footnotes":""},"categories":[61],"tags":[340,184,191,346,345,347],"class_list":["post-6625","post","type-post","status-publish","format-standard","has-post-thumbnail","hentry","category-festivaluri-si-proiectii-speciale-cinema-elvire-popesco","tag-autor","tag-cinema","tag-cinema-elvire-popesco","tag-european","tag-film","tag-vara"],"_links":{"self":[{"href":"https:\/\/institutfrancais.ro\/bucuresti\/wp-json\/wp\/v2\/posts\/6625","targetHints":{"allow":["GET"]}}],"collection":[{"href":"https:\/\/institutfrancais.ro\/bucuresti\/wp-json\/wp\/v2\/posts"}],"about":[{"href":"https:\/\/institutfrancais.ro\/bucuresti\/wp-json\/wp\/v2\/types\/post"}],"author":[{"embeddable":true,"href":"https:\/\/institutfrancais.ro\/bucuresti\/wp-json\/wp\/v2\/users\/3"}],"replies":[{"embeddable":true,"href":"https:\/\/institutfrancais.ro\/bucuresti\/wp-json\/wp\/v2\/comments?post=6625"}],"version-history":[{"count":2,"href":"https:\/\/institutfrancais.ro\/bucuresti\/wp-json\/wp\/v2\/posts\/6625\/revisions"}],"predecessor-version":[{"id":6629,"href":"https:\/\/institutfrancais.ro\/bucuresti\/wp-json\/wp\/v2\/posts\/6625\/revisions\/6629"}],"wp:featuredmedia":[{"embeddable":true,"href":"https:\/\/institutfrancais.ro\/bucuresti\/wp-json\/wp\/v2\/media\/6626"}],"wp:attachment":[{"href":"https:\/\/institutfrancais.ro\/bucuresti\/wp-json\/wp\/v2\/media?parent=6625"}],"wp:term":[{"taxonomy":"category","embeddable":true,"href":"https:\/\/institutfrancais.ro\/bucuresti\/wp-json\/wp\/v2\/categories?post=6625"},{"taxonomy":"post_tag","embeddable":true,"href":"https:\/\/institutfrancais.ro\/bucuresti\/wp-json\/wp\/v2\/tags?post=6625"}],"curies":[{"name":"wp","href":"https:\/\/api.w.org\/{rel}","templated":true}]}}