{"id":6947,"date":"2023-09-06T13:05:18","date_gmt":"2023-09-06T13:05:18","guid":{"rendered":"https:\/\/institutfrancais.ro\/bucuresti\/?p=6947"},"modified":"2024-09-13T11:21:12","modified_gmt":"2024-09-13T11:21:12","slug":"apel-la-candidatura-pentru-consiliul-tinerilor-ifro","status":"publish","type":"post","link":"https:\/\/institutfrancais.ro\/bucuresti\/apel-la-candidatura-pentru-consiliul-tinerilor-ifro\/","title":{"rendered":"APEL LA CANDIDATUR\u0102 pentru Consiliul Tinerilor IFRo"},"content":{"rendered":"\n<p>\ud83d\udce3<strong> Al\u0103tur\u0103-te Consiliului Consultativ al Tinerilor din cadrul Institutului Francez din Rom\u00e2nia!<\/strong><\/p>\n\n\n\n<p class=\"has-vivid-cyan-blue-color has-text-color\"><strong>Candidaturi deschise p\u00e2n\u0103 pe 24 septembrie!<\/strong><\/p>\n\n\n\n<p>\u00cenfiin\u021bat \u00een 2022, <strong>Consiliul Consultativ al Tinerilor<\/strong> \u00ee\u0219i propune s\u0103-i aduc\u0103 pe cei tineri mai aproape de Institutul Francez din Rom\u00e2nia prin implicarea lor \u00een proiecte comune care le ofer\u0103 posibilitatea de a-\u0219i dezvolta competen\u021bele tehnice \u0219i sociale.<\/p>\n\n\n\n<p>Format din 9 tineri cu v\u00e2rste cuprinse \u00eentre 16 \u0219i 26 de ani, Consiliul:<\/p>\n\n\n\n<p>\u2705 a co-proiectat cea de-a patra edi\u021bie a <strong>Forumului Tinerilor<\/strong>;<\/p>\n\n\n\n<p>\u2705 a organizat \u0219i a condus un atelier de lucru pe tema discrimin\u0103rii;<\/p>\n\n\n\n<p>\u2705 a contribuit la lansarea unui apel de proiecte pentru sprijinirea ini\u021biativelor civice ale tinerilor \u0219i pentru tineri.<\/p>\n\n\n\n<p><strong>Consiliul Consultativ al Tinerilor<\/strong> <strong>este pentru tine dac\u0103 vrei<\/strong>:<\/p>\n\n\n\n<p>\u2705 s\u0103 practici limba francez\u0103 \u0219i s\u0103-\u021bi perfec\u021bionezi competen\u021bele lingvistice;<\/p>\n\n\n\n<p>\u2705 s\u0103 \u00eenve\u021bi despre rela\u021bii interna\u021bionale, diploma\u021bie \u0219i management de proiect \u00een colaborare cu Institutul Francez \u0219i Ambasada Fran\u021bei \u00een Rom\u00e2nia;<\/p>\n\n\n\n<p>\u2705 s\u0103-\u021bi \u00eembog\u0103\u021be\u0219ti lista de contacte prin organizarea \u0219i participarea la evenimente organizate de Institutul Francez din Rom\u00e2nia;<\/p>\n\n\n\n<p>\u2705 s\u0103 ob\u021bii \u00eenscrierea gratuit\u0103 la un curs de de francez\u0103 \u2013 cursuri colective \u2013 \u0219i la mediateca Institutului Francez din Rom\u00e2nia la Bucure\u0219ti.<\/p>\n\n\n\n<p>\ud83d\udd0d Pentru a afla mai multe despre condi\u021biile \u0219i procedurile de candidatur\u0103<\/p>\n\n\n\n<p>\ud83d\udc49<a href=\"https:\/\/ro.ambafrance.org\/APPEL-A-CANDIDATURES-le-Conseil-des-Jeunes-de-l-Institut-francais-de-Roumanie-s\">https:\/\/ro.ambafrance.org\/APPEL-A-CANDIDATURES-le-Conseil-des-Jeunes-de-l-Institut-francais-de-Roumanie-s<\/a><\/p>\n","protected":false},"excerpt":{"rendered":"<p>Al\u0103tur\u0103-te Consiliului Consultativ al Tinerilor din cadrul Institutului Francez din Rom\u00e2nia!<\/p>\n","protected":false},"author":3,"featured_media":6948,"comment_status":"open","ping_status":"open","sticky":false,"template":"","format":"standard","meta":{"footnotes":""},"categories":[400],"tags":[],"class_list":["post-6947","post","type-post","status-publish","format-standard","has-post-thumbnail","hentry","category-arhiva"],"_links":{"self":[{"href":"https:\/\/institutfrancais.ro\/bucuresti\/wp-json\/wp\/v2\/posts\/6947","targetHints":{"allow":["GET"]}}],"collection":[{"href":"https:\/\/institutfrancais.ro\/bucuresti\/wp-json\/wp\/v2\/posts"}],"about":[{"href":"https:\/\/institutfrancais.ro\/bucuresti\/wp-json\/wp\/v2\/types\/post"}],"author":[{"embeddable":true,"href":"https:\/\/institutfrancais.ro\/bucuresti\/wp-json\/wp\/v2\/users\/3"}],"replies":[{"embeddable":true,"href":"https:\/\/institutfrancais.ro\/bucuresti\/wp-json\/wp\/v2\/comments?post=6947"}],"version-history":[{"count":1,"href":"https:\/\/institutfrancais.ro\/bucuresti\/wp-json\/wp\/v2\/posts\/6947\/revisions"}],"predecessor-version":[{"id":6950,"href":"https:\/\/institutfrancais.ro\/bucuresti\/wp-json\/wp\/v2\/posts\/6947\/revisions\/6950"}],"wp:featuredmedia":[{"embeddable":true,"href":"https:\/\/institutfrancais.ro\/bucuresti\/wp-json\/wp\/v2\/media\/6948"}],"wp:attachment":[{"href":"https:\/\/institutfrancais.ro\/bucuresti\/wp-json\/wp\/v2\/media?parent=6947"}],"wp:term":[{"taxonomy":"category","embeddable":true,"href":"https:\/\/institutfrancais.ro\/bucuresti\/wp-json\/wp\/v2\/categories?post=6947"},{"taxonomy":"post_tag","embeddable":true,"href":"https:\/\/institutfrancais.ro\/bucuresti\/wp-json\/wp\/v2\/tags?post=6947"}],"curies":[{"name":"wp","href":"https:\/\/api.w.org\/{rel}","templated":true}]}}