{"id":8497,"date":"2024-02-25T13:46:00","date_gmt":"2024-02-25T13:46:00","guid":{"rendered":"https:\/\/institutfrancais.ro\/bucuresti\/?post_type=evenimente&#038;p=8497"},"modified":"2024-05-16T13:11:31","modified_gmt":"2024-05-16T13:11:31","slug":"festivalul-filmului-francez-a-28-a-editie","status":"publish","type":"post","link":"https:\/\/institutfrancais.ro\/bucuresti\/festivalul-filmului-francez-a-28-a-editie\/","title":{"rendered":"FESTIVALUL FILMULUI FRANCEZ, a 28-a edi\u021bie"},"content":{"rendered":"\n<p>\u00cen anul centenarului s\u0103u, <strong>Institutul Francez din Rom\u00e2nia<\/strong> organizeaz\u0103 cea de-a 28-a edi\u021bie a <strong>FESTIVALUL FILMULUI FRANCEZ<\/strong> ce se va desf\u0103\u0219ura \u00een perioada <strong>21-31 martie<\/strong> la Bucure\u0219ti \u0219i \u00een alte 12 ora\u0219e din \u021bar\u0103: Cluj-Napoca, Timi\u0219oara, Ia\u0219i, Arad, Bra\u0219ov, Br\u0103ila, Constan\u021ba, Craiova, Sf\u00e2ntu Gheorghe, Sibiu, Suceava \u0219i T\u00e2rgu Mure\u0219.<\/p>\n\n\n\n<p>Tema general\u0103 a festivalului \u00een acest an este <strong>Vertiges<\/strong> \u2013 vertijul \u0219i varia\u021biile sale \u00een cinema. Epoca noastr\u0103 este marcat\u0103 de schimbare, de o accelerare continu\u0103 \u0219i de o pierdere a echilibrului, semne specifice vertijului. Publicul este invitat s\u0103 se cufunde \u00eentr-un program uluitor, care \u00ee\u0219i manifest\u0103 sus\u021binerea pentru cinematografia de gen, \u00een special, \u0219i celebreaz\u0103 propunerile cinematografice alternative \u0219i provocatoare.<\/p>\n\n\n\n<p>Una dintre nout\u0103\u021bile festivalului este sec\u021biunea <strong>Mauvais genres<\/strong>, ce cuprinde o selec\u021bie de filme franceze de gen (<em>films de genre<\/em>). Festivalul \u00ee\u0219i diversific\u0103 experien\u021bele cu care \u00ee\u0219i a\u0219teapt\u0103 publicul, iar anul acesta g\u0103zduie\u0219te, \u00een premier\u0103, <strong>o sesiune de filme \u00een realitate virtual\u0103<\/strong>, organizat\u0103 \u00een parteneriat cu CINETic. Publicul este invitat s\u0103 se cufunde \u00een universul creat de cinci filme care ofer\u0103 o varietate de experien\u021be din punct de vedere al temei, formatului \u0219i gradului de interactivitate. Filmele din programul VR sunt recomandate publicului cu v\u00e2rste de peste 12 ani.<\/p>\n\n\n\n<p>Pe l\u00e2ng\u0103 nout\u0103\u021bile acestei edi\u021bii, festivalul \u00ee\u0219i p\u0103streaz\u0103 \u0219i sec\u021biunile tradi\u021bionale: <em>Panorama filmelor anului<\/em>, <em>Competi\u021bia tinerelor talente \u2013 lungmetraj<\/em> \u0219i <em>Competi\u021bia tinerelor talente \u2013 scurtmetraj.<\/em><\/p>\n\n\n\n<p>FESTIVALUL FILMULUI FRANCEZ este organizat de <strong>Institutul Francez din Rom\u00e2nia<\/strong> la Bucure\u0219ti, Cluj-Napoca, Ia\u0219i \u0219i Timi\u0219oara \u0219i co-organizat de: <strong>Centrul Municipal de Cultur\u0103 Arad<\/strong>, <strong>Alian\u0163a Francez\u0103 Bra\u015fov<\/strong>, <strong>Cinefeel Br\u0103ila<\/strong>, <strong>Centrul Multifunc\u0163ional Educativ pentru Tineret \u201aJean Constantin\u2018 Constan\u0163a<\/strong>, <strong>Inspire Cinema Craiova<\/strong>, <strong>Arta by Cityplex Sf\u00e2ntu Gheorghe<\/strong>, <strong>Teatrul Na\u0163ional \u201aRadu Stanca\u2018 Sibiu<\/strong>, <strong>Alian\u021ba Francez\u0103 Suceava<\/strong>, <strong>Muzeul Jude\u021bean Mure\u0219<\/strong> \u0219i <strong>Consiliul Jude\u021bean Mure\u0219<\/strong>.<\/p>\n\n\n\n<p>Prezentat de: <strong>Orange<\/strong><\/p>\n\n\n\n<p>Partener: <strong>Groupama<\/strong><\/p>\n\n\n\n<p>Partener institu\u021bional: <strong>Ambasada Canadei \u00een Rom\u00e2nia<\/strong><\/p>\n\n\n\n<p>Parteneri media principali: <strong>TV5 Monde<\/strong>, <strong>Phoenix Media<\/strong>, <strong>Radio Guerrilla<\/strong>, <strong>AGERPRES<\/strong><\/p>\n\n\n\n<p>Parteneri media: <strong>Radio Rom\u00e2nia Cultural<\/strong>, <strong>Radio Rom\u00e2nia Interna\u021bional<\/strong>, <strong>RADOR<\/strong>, <strong>BIZ<\/strong>, <strong>Haute Culture<\/strong>, <strong>Zile \u0219i Nop\u021bi<\/strong>, <strong>Cinemap<\/strong>, <strong>Films in Frame<\/strong>, <strong>IQ Ads<\/strong>, <strong>Smark<\/strong>, <strong>Observator Cultural<\/strong>, <strong>Urban.ro<\/strong>, <strong>LiterNet<\/strong>, <strong>CineFan<\/strong>, <strong>Film Menu<\/strong>, <strong>Acoperi\u0219ul de sticl\u0103<\/strong>, <strong>Revista FILM<\/strong>, <strong>Cinemagia<\/strong>, <strong>Ziarul Metropolis<\/strong>, <strong>Movie News<\/strong>, <strong>Munteanu Recomand\u0103<\/strong>, <strong>AARC \u2013 All About Romanian Cinema<\/strong>, <strong>Libr\u0103riile C\u0103rture\u0219ti<\/strong>.<\/p>\n\n\n\n<p>Partener cultural: <strong>RFI Rom\u00e2nia<\/strong><\/p>\n\n\n\n<figure class=\"wp-block-table\"><table><tbody><tr><td><strong>ORA\u0218E<\/strong><\/td><td><strong>DATE<\/strong><\/td><td><strong>PROIEC\u021aII<\/strong><\/td><\/tr><tr><td><strong>Bucure\u015fti<\/strong><\/td><td><strong>21-31 martie<\/strong><\/td><td><strong>Cinema Elvire Popesco<\/strong><\/td><\/tr><tr><td><strong>Cluj-Napoca<\/strong><\/td><td><strong>&nbsp; 21-24 martie<\/strong><\/td><td><strong>Cinema Victoria<\/strong><\/td><\/tr><tr><td><strong>Timi\u015foara<\/strong><\/td><td><strong>21-24 martie<\/strong><\/td><td><strong>Cinema Victoria<\/strong><\/td><\/tr><tr><td><strong>Ia\u015fi<\/strong><\/td><td><strong>21-28 martie<\/strong><\/td><td><strong>Cinema Ateneu<\/strong><strong>Institutul Francez<\/strong> &nbsp;<\/td><\/tr><tr><td><strong>Arad<\/strong><\/td><td><strong>20-22 martie<\/strong><\/td><td><strong>Cinema Arta<\/strong><\/td><\/tr><tr><td><strong>Bra\u015fov<\/strong><\/td><td><strong>29-31 martie<\/strong><\/td><td><strong>Cinemateca Patria<\/strong><\/td><\/tr><tr><td><strong>Br\u0103ila<\/strong><\/td><td><strong>30-31 martie<\/strong><\/td><td><strong>Palatul Lyra<\/strong><\/td><\/tr><tr><td><strong>Constan\u0163a<\/strong><\/td><td><strong>28-31 martie<\/strong><\/td><td><strong>Cinema Jean Constantin<\/strong><\/td><\/tr><tr><td><strong>Craiova<\/strong><\/td><td><strong>21-24 martie<\/strong><\/td><td><strong>Inspire Mercur<\/strong><strong>Inspire VIP Electroputere<\/strong><\/td><\/tr><tr><td><strong>Sf\u00e2ntu Gheorghe<\/strong><\/td><td><strong>27-30 martie<\/strong><\/td><td><strong>Cinema Arta by Citiplex<\/strong><\/td><\/tr><tr><td><strong>Sibiu<\/strong><\/td><td><strong>29-31 martie<\/strong><\/td><td><strong>Centrul Cultural Habitus Sibiu<\/strong><\/td><\/tr><tr><td><strong>Suceava<\/strong><\/td><td><strong>27-30 martie<\/strong><\/td><td><strong>Universitatea \u0218tefan cel Mare<\/strong><\/td><\/tr><tr><td><strong>T\u00e2rgu Mure\u0219<\/strong><\/td><td><strong>28-31 martie<\/strong><\/td><td><strong>Muzeul Jude\u021bean Mure\u0219 &#8211; Sec\u0163ia de Istorie \u0219i Arheologie<\/strong><\/td><\/tr><\/tbody><\/table><\/figure>\n\n\n\n<figure class=\"wp-block-embed is-type-video is-provider-youtube wp-block-embed-youtube wp-embed-aspect-16-9 wp-has-aspect-ratio\"><div class=\"wp-block-embed__wrapper\">\n<iframe loading=\"lazy\" title=\"Festival du Film Fran\u00e7ais 2024\" width=\"500\" height=\"281\" src=\"https:\/\/www.youtube.com\/embed\/jH2PcwTNA9I?feature=oembed\" frameborder=\"0\" allow=\"accelerometer; autoplay; clipboard-write; encrypted-media; gyroscope; picture-in-picture; web-share\" referrerpolicy=\"strict-origin-when-cross-origin\" allowfullscreen><\/iframe>\n<\/div><\/figure>\n\n\n\n<p><\/p>\n\n\n\n<p><\/p>\n","protected":false},"excerpt":{"rendered":"<p>IFRo organizeaz\u0103 cea de-a 28-a edi\u021bie a FESTIVALULUI FILMULUI FRANCEZ &#8211; Vertiges &#8211; ce se va desf\u0103\u0219ura \u00een perioada 21-31 martie la Bucure\u0219ti \u0219i \u00een alte ora\u0219e din \u021bar\u0103.<\/p>\n","protected":false},"author":15,"featured_media":8498,"comment_status":"closed","ping_status":"closed","sticky":false,"template":"","format":"standard","meta":{"footnotes":""},"categories":[61],"tags":[270,277,126],"class_list":["post-8497","post","type-post","status-publish","format-standard","has-post-thumbnail","hentry","category-festivaluri-si-proiectii-speciale-cinema-elvire-popesco","tag-arta","tag-eveniment","tag-francofonie"],"_links":{"self":[{"href":"https:\/\/institutfrancais.ro\/bucuresti\/wp-json\/wp\/v2\/posts\/8497","targetHints":{"allow":["GET"]}}],"collection":[{"href":"https:\/\/institutfrancais.ro\/bucuresti\/wp-json\/wp\/v2\/posts"}],"about":[{"href":"https:\/\/institutfrancais.ro\/bucuresti\/wp-json\/wp\/v2\/types\/post"}],"author":[{"embeddable":true,"href":"https:\/\/institutfrancais.ro\/bucuresti\/wp-json\/wp\/v2\/users\/15"}],"replies":[{"embeddable":true,"href":"https:\/\/institutfrancais.ro\/bucuresti\/wp-json\/wp\/v2\/comments?post=8497"}],"version-history":[{"count":1,"href":"https:\/\/institutfrancais.ro\/bucuresti\/wp-json\/wp\/v2\/posts\/8497\/revisions"}],"predecessor-version":[{"id":9286,"href":"https:\/\/institutfrancais.ro\/bucuresti\/wp-json\/wp\/v2\/posts\/8497\/revisions\/9286"}],"wp:featuredmedia":[{"embeddable":true,"href":"https:\/\/institutfrancais.ro\/bucuresti\/wp-json\/wp\/v2\/media\/8498"}],"wp:attachment":[{"href":"https:\/\/institutfrancais.ro\/bucuresti\/wp-json\/wp\/v2\/media?parent=8497"}],"wp:term":[{"taxonomy":"category","embeddable":true,"href":"https:\/\/institutfrancais.ro\/bucuresti\/wp-json\/wp\/v2\/categories?post=8497"},{"taxonomy":"post_tag","embeddable":true,"href":"https:\/\/institutfrancais.ro\/bucuresti\/wp-json\/wp\/v2\/tags?post=8497"}],"curies":[{"name":"wp","href":"https:\/\/api.w.org\/{rel}","templated":true}]}}