{"id":9816,"date":"2024-06-26T14:32:16","date_gmt":"2024-06-26T14:32:16","guid":{"rendered":"https:\/\/institutfrancais.ro\/bucuresti\/?p=9816"},"modified":"2024-12-13T11:29:38","modified_gmt":"2024-12-13T11:29:38","slug":"recrutam-responsabil-cursuri-pentru-companii","status":"publish","type":"post","link":"https:\/\/institutfrancais.ro\/bucuresti\/recrutam-responsabil-cursuri-pentru-companii\/","title":{"rendered":"RECRUT\u0102M: Responsabil\/\u0103 Cursuri pentru Companii"},"content":{"rendered":"\n<p>Institutul Francez din Rom\u00e2nia (IFRo) la Bucure\u0219ti recruteaz\u0103 un\/o&nbsp;<strong>responsabil\/\u0103 cursuri<\/strong> <strong>pentru companii<\/strong>, \u00eencep\u00e2nd cu data de&nbsp;<strong>1 septembrie 2024<\/strong>&nbsp;\u00een Bucure\u0219ti, Bd. Dacia, nr. 77, sector 2.   <\/p>\n\n\n\n<p>Mai multe informa\u021bii \u00een limba francez\u0103 <a href=\"https:\/\/institutfrancais.ro\/bucuresti\/fr\/appel-a-candidature-charge-cours-en-entreprise\/#\/\">aici<\/a>. <\/p>\n\n\n\n<p><\/p>\n","protected":false},"excerpt":{"rendered":"<p>Institutul Francez din Rom\u00e2nia (IFRo) la Bucure\u0219ti recruteaz\u0103 un\/o\u00a0responsabil\/\u0103 cursuri pentru companii, \u00eencep\u00e2nd cu data de\u00a01 septembrie 2024.<\/p>\n","protected":false},"author":3,"featured_media":6937,"comment_status":"closed","ping_status":"closed","sticky":false,"template":"","format":"standard","meta":{"footnotes":""},"categories":[400],"tags":[126],"class_list":["post-9816","post","type-post","status-publish","format-standard","has-post-thumbnail","hentry","category-arhiva","tag-francofonie"],"_links":{"self":[{"href":"https:\/\/institutfrancais.ro\/bucuresti\/wp-json\/wp\/v2\/posts\/9816","targetHints":{"allow":["GET"]}}],"collection":[{"href":"https:\/\/institutfrancais.ro\/bucuresti\/wp-json\/wp\/v2\/posts"}],"about":[{"href":"https:\/\/institutfrancais.ro\/bucuresti\/wp-json\/wp\/v2\/types\/post"}],"author":[{"embeddable":true,"href":"https:\/\/institutfrancais.ro\/bucuresti\/wp-json\/wp\/v2\/users\/3"}],"replies":[{"embeddable":true,"href":"https:\/\/institutfrancais.ro\/bucuresti\/wp-json\/wp\/v2\/comments?post=9816"}],"version-history":[{"count":3,"href":"https:\/\/institutfrancais.ro\/bucuresti\/wp-json\/wp\/v2\/posts\/9816\/revisions"}],"predecessor-version":[{"id":9824,"href":"https:\/\/institutfrancais.ro\/bucuresti\/wp-json\/wp\/v2\/posts\/9816\/revisions\/9824"}],"wp:featuredmedia":[{"embeddable":true,"href":"https:\/\/institutfrancais.ro\/bucuresti\/wp-json\/wp\/v2\/media\/6937"}],"wp:attachment":[{"href":"https:\/\/institutfrancais.ro\/bucuresti\/wp-json\/wp\/v2\/media?parent=9816"}],"wp:term":[{"taxonomy":"category","embeddable":true,"href":"https:\/\/institutfrancais.ro\/bucuresti\/wp-json\/wp\/v2\/categories?post=9816"},{"taxonomy":"post_tag","embeddable":true,"href":"https:\/\/institutfrancais.ro\/bucuresti\/wp-json\/wp\/v2\/tags?post=9816"}],"curies":[{"name":"wp","href":"https:\/\/api.w.org\/{rel}","templated":true}]}}