{"id":9967,"date":"2024-07-16T09:13:14","date_gmt":"2024-07-16T09:13:14","guid":{"rendered":"https:\/\/institutfrancais.ro\/bucuresti\/?p=9967"},"modified":"2026-08-19T09:40:15","modified_gmt":"2026-08-19T09:40:15","slug":"cursuri-pentru-adolescenti","status":"publish","type":"post","link":"https:\/\/institutfrancais.ro\/bucuresti\/cursuri-pentru-adolescenti\/","title":{"rendered":"Cursuri pentru adolescen\u021bi"},"content":{"rendered":"\n<p class=\"wp-block-paragraph\"><\/p>\n\n\n\n<h2 class=\"wp-block-heading\">AVANTAJELE DUMNEAVOASTR\u0102<\/h2>\n\n\n\n<p class=\"wp-block-paragraph\"><strong>Material pedagogic inclus<\/strong>: carte \u0219i caiet de activit\u0103\u021bi<br><strong>Reducere de 5% la urm\u0103toarea \u00eenscriere<\/strong><br><strong>Abonament gratuit<\/strong>&nbsp;de 12 luni la&nbsp;<a href=\"https:\/\/institutfrancais.ro\/bucuresti\/mediateca-2\/informatii-practice\/#\/\">m\u00e9diath\u00e8que<\/a>&nbsp;\u0219i la platforma digital\u0103&nbsp;<a href=\"https:\/\/www.culturetheque.com\/fr\">Cultureth\u00e8que<\/a><br><strong>Reducere aplicat\u0103 de 10%<\/strong>&nbsp;la&nbsp;<a href=\"https:\/\/institutfrancais.ro\/bucuresti\/ateliere-practice\/#\/\">atelierele tematice<\/a><br><strong>Monitorizare individualizat\u0103<\/strong>&nbsp;prin contul dumneavoastr\u0103 de client online<\/p>\n\n\n\n<h2 class=\"wp-block-heading\">CALENDAR 2026<\/h2>\n\n\n\n<figure class=\"wp-block-table aligncenter\"><table class=\"has-fixed-layout\"><tbody><tr><td><em>Perioada sesiunii<\/em><\/td><td><em>Ritmul<\/em><\/td><td><em>Num\u0103r de ore<\/em><\/td><\/tr><tr><td><strong>5 octombrie<\/strong><\/td><td>\u00eenceput cursuri semestriale<\/td><td>30 ore <\/td><\/tr><tr><td><strong>5 octombrie<\/strong><\/td><td>\u00eenceput cursuri anuale<\/td><td>60 ore<\/td><\/tr><\/tbody><\/table><\/figure>\n\n\n\n<p class=\"wp-block-paragraph\"><div class='kiosque-aec'><div\n data-module='classes'\n data-action='courses-selection-tiles'\n data-param-etablishment-branch-id='12'\n data-param-period-id='0'\n data-param-classification-id='1'\n data-param-subject-id='1'\n data-param-class-type-id='74'\n data-param-main-level=''\n data-param-levels-to-filter-by=''\n data-param-localization=''\n data-param-class-format-id=''\n data-param-show-filter-choices='1'\n data-param-lang='ro_RO'><\/div><\/div><\/p>\n\n\n\n<p class=\"wp-block-paragraph\"><\/p>\n\n\n\n<p class=\"wp-block-paragraph\"><\/p>\n\n\n\n<p class=\"wp-block-paragraph\"><\/p>\n\n\n\n<p class=\"wp-block-paragraph\"><\/p>\n\n\n\n<p class=\"wp-block-paragraph\"><\/p>\n","protected":false},"excerpt":{"rendered":"<p>AVANTAJELE DUMNEAVOASTR\u0102 Material pedagogic inclus: carte \u0219i caiet de activit\u0103\u021biReducere de 5% la urm\u0103toarea \u00eenscriereAbonament gratuit&nbsp;de 12 luni la&nbsp;m\u00e9diath\u00e8que&nbsp;\u0219i la platforma digital\u0103&nbsp;Cultureth\u00e8queReducere aplicat\u0103 de 10%&nbsp;la&nbsp;atelierele tematiceMonitorizare individualizat\u0103&nbsp;prin contul dumneavoastr\u0103 de client online CALENDAR 2026 Perioada sesiunii Ritmul Num\u0103r de ore 5 octombrie \u00eenceput cursuri semestriale 30 ore 5 octombrie \u00eenceput cursuri anuale 60 ore<\/p>\n","protected":false},"author":3,"featured_media":11188,"comment_status":"closed","ping_status":"closed","sticky":false,"template":"","format":"standard","meta":{"footnotes":""},"categories":[21],"tags":[],"class_list":["post-9967","post","type-post","status-publish","format-standard","has-post-thumbnail","hentry","category-cursuri-si-examene"],"_links":{"self":[{"href":"https:\/\/institutfrancais.ro\/bucuresti\/wp-json\/wp\/v2\/posts\/9967","targetHints":{"allow":["GET"]}}],"collection":[{"href":"https:\/\/institutfrancais.ro\/bucuresti\/wp-json\/wp\/v2\/posts"}],"about":[{"href":"https:\/\/institutfrancais.ro\/bucuresti\/wp-json\/wp\/v2\/types\/post"}],"author":[{"embeddable":true,"href":"https:\/\/institutfrancais.ro\/bucuresti\/wp-json\/wp\/v2\/users\/3"}],"replies":[{"embeddable":true,"href":"https:\/\/institutfrancais.ro\/bucuresti\/wp-json\/wp\/v2\/comments?post=9967"}],"version-history":[{"count":19,"href":"https:\/\/institutfrancais.ro\/bucuresti\/wp-json\/wp\/v2\/posts\/9967\/revisions"}],"predecessor-version":[{"id":13141,"href":"https:\/\/institutfrancais.ro\/bucuresti\/wp-json\/wp\/v2\/posts\/9967\/revisions\/13141"}],"wp:featuredmedia":[{"embeddable":true,"href":"https:\/\/institutfrancais.ro\/bucuresti\/wp-json\/wp\/v2\/media\/11188"}],"wp:attachment":[{"href":"https:\/\/institutfrancais.ro\/bucuresti\/wp-json\/wp\/v2\/media?parent=9967"}],"wp:term":[{"taxonomy":"category","embeddable":true,"href":"https:\/\/institutfrancais.ro\/bucuresti\/wp-json\/wp\/v2\/categories?post=9967"},{"taxonomy":"post_tag","embeddable":true,"href":"https:\/\/institutfrancais.ro\/bucuresti\/wp-json\/wp\/v2\/tags?post=9967"}],"curies":[{"name":"wp","href":"https:\/\/api.w.org\/{rel}","templated":true}]}}