{"id":10400,"date":"2026-04-27T10:03:36","date_gmt":"2026-04-27T08:03:36","guid":{"rendered":"https:\/\/institutfrancais.ro\/cluj-napoca\/the-after-conversation-la-conversation-dapres\/"},"modified":"2026-04-28T08:51:38","modified_gmt":"2026-04-28T06:51:38","slug":"the-after-conversation-la-conversation-dapres","status":"publish","type":"post","link":"https:\/\/institutfrancais.ro\/cluj-napoca\/fr\/the-after-conversation-la-conversation-dapres\/","title":{"rendered":"The After Conversation \/ La conversation d&rsquo;apr\u00e8s"},"content":{"rendered":"\n<figure class=\"wp-block-image size-large\"><img loading=\"lazy\" decoding=\"async\" width=\"1024\" height=\"482\" src=\"https:\/\/institutfrancais.ro\/cluj-napoca\/wp-content\/uploads\/sites\/3\/2026\/04\/afterconversation-1024x482.jpg\" alt=\"\" class=\"wp-image-10397\" srcset=\"https:\/\/institutfrancais.ro\/cluj-napoca\/wp-content\/uploads\/sites\/3\/2026\/04\/afterconversation-1024x482.jpg 1024w, https:\/\/institutfrancais.ro\/cluj-napoca\/wp-content\/uploads\/sites\/3\/2026\/04\/afterconversation-600x283.jpg 600w, https:\/\/institutfrancais.ro\/cluj-napoca\/wp-content\/uploads\/sites\/3\/2026\/04\/afterconversation-768x362.jpg 768w, https:\/\/institutfrancais.ro\/cluj-napoca\/wp-content\/uploads\/sites\/3\/2026\/04\/afterconversation-1536x723.jpg 1536w, https:\/\/institutfrancais.ro\/cluj-napoca\/wp-content\/uploads\/sites\/3\/2026\/04\/afterconversation.jpg 1771w\" sizes=\"auto, (max-width: 1024px) 100vw, 1024px\" \/><\/figure>\n\n\n\n<p><strong>30 avril \u2013 12 juin 2026<br>La Cave, Institut fran\u00e7ais<br>22, rue I.I.C. Br\u0103tianu, Cluj-Napoca<br>vernissage : 30 avril, 18h<br>horaires d&rsquo;ouverture : L\u2013V, 10h\u201317h<\/strong><\/p>\n\n\n\n<p><strong><em>Solo show :<\/em>&nbsp;Thea Laz\u0103r<\/strong><\/p>\n\n\n\n<p><strong><em>Commissaire de l&rsquo;exposition :<\/em>&nbsp;Gabriela Moldovan<\/strong><\/p>\n\n\n\n<p><strong>The After Conversation <\/strong>explore la mani\u00e8re dont les traces du pass\u00e9, qu\u2019il s\u2019agisse d\u2019exp\u00e9riences v\u00e9cues ou de fragments imaginaires, continuent de fa\u00e7onner le pr\u00e9sent. L\u2019exposition rassemble des \u0153uvres qui fonctionnent comme des \u00e9chos et des artefacts, proposant une forme d\u2019\u00ab&nbsp;arch\u00e9ologie&nbsp;\u00bb du soi et de la m\u00e9moire. \u00c0 travers des processus d\u2019accumulation, de fragmentation et de reconstruction, le visiteur est invit\u00e9 \u00e0 r\u00e9fl\u00e9chir \u00e0 la mani\u00e8re dont le sens se recompose \u00e0 partir de ce qui reste.<\/p>\n\n\n\n<hr class=\"wp-block-separator has-alpha-channel-opacity is-style-dots\"\/>\n\n\n\n<p><strong>Thea Laz\u0103r<\/strong> travaille avec un large \u00e9ventail de supports, allant du textile et de la broderie aux installations multim\u00e9dias, en passant par la vid\u00e9o et l&rsquo;animation 3D. Sa pratique explore la relation entre les supports traditionnels et la production num\u00e9rique, en utilisant les r\u00e9cits \u00e0 la fois comme m\u00e9thode de travail et comme structure de l&rsquo;imaginaire.<\/p>\n\n\n\n<hr class=\"wp-block-separator has-alpha-channel-opacity\"\/>\n\n\n\n<p>Partenaire : &nbsp;<strong>Ile de France<\/strong><\/p>\n","protected":false},"excerpt":{"rendered":"<p>30 avril \u2013 12 juin 2026La Cave, Institut fran\u00e7ais22, rue I.I.C. Br\u0103tianu, Cluj-Napocavernissage : 30 avril, 18hhoraires d&rsquo;ouverture : L\u2013V, 10h\u201317h Solo show :&nbsp;Thea Laz\u0103r Commissaire de l&rsquo;exposition :&nbsp;Gabriela Moldovan The After Conversation explore la mani\u00e8re dont les traces du pass\u00e9, qu\u2019il s\u2019agisse d\u2019exp\u00e9riences v\u00e9cues ou de fragments imaginaires, continuent de fa\u00e7onner le pr\u00e9sent. L\u2019exposition [&hellip;]<\/p>\n","protected":false},"author":8,"featured_media":10398,"comment_status":"closed","ping_status":"closed","sticky":false,"template":"","format":"standard","meta":{"footnotes":""},"categories":[56],"tags":[],"class_list":["post-10400","post","type-post","status-publish","format-standard","has-post-thumbnail","hentry","category-la-cave-fr"],"_links":{"self":[{"href":"https:\/\/institutfrancais.ro\/cluj-napoca\/fr\/wp-json\/wp\/v2\/posts\/10400","targetHints":{"allow":["GET"]}}],"collection":[{"href":"https:\/\/institutfrancais.ro\/cluj-napoca\/fr\/wp-json\/wp\/v2\/posts"}],"about":[{"href":"https:\/\/institutfrancais.ro\/cluj-napoca\/fr\/wp-json\/wp\/v2\/types\/post"}],"author":[{"embeddable":true,"href":"https:\/\/institutfrancais.ro\/cluj-napoca\/fr\/wp-json\/wp\/v2\/users\/8"}],"replies":[{"embeddable":true,"href":"https:\/\/institutfrancais.ro\/cluj-napoca\/fr\/wp-json\/wp\/v2\/comments?post=10400"}],"version-history":[{"count":4,"href":"https:\/\/institutfrancais.ro\/cluj-napoca\/fr\/wp-json\/wp\/v2\/posts\/10400\/revisions"}],"predecessor-version":[{"id":10413,"href":"https:\/\/institutfrancais.ro\/cluj-napoca\/fr\/wp-json\/wp\/v2\/posts\/10400\/revisions\/10413"}],"wp:featuredmedia":[{"embeddable":true,"href":"https:\/\/institutfrancais.ro\/cluj-napoca\/fr\/wp-json\/wp\/v2\/media\/10398"}],"wp:attachment":[{"href":"https:\/\/institutfrancais.ro\/cluj-napoca\/fr\/wp-json\/wp\/v2\/media?parent=10400"}],"wp:term":[{"taxonomy":"category","embeddable":true,"href":"https:\/\/institutfrancais.ro\/cluj-napoca\/fr\/wp-json\/wp\/v2\/categories?post=10400"},{"taxonomy":"post_tag","embeddable":true,"href":"https:\/\/institutfrancais.ro\/cluj-napoca\/fr\/wp-json\/wp\/v2\/tags?post=10400"}],"curies":[{"name":"wp","href":"https:\/\/api.w.org\/{rel}","templated":true}]}}