{"id":1809,"date":"2023-03-03T07:30:17","date_gmt":"2023-03-03T05:30:17","guid":{"rendered":"https:\/\/institutfrancais.ro\/cluj-napoca\/ateliere-de-conversatie\/"},"modified":"2025-11-26T11:43:13","modified_gmt":"2025-11-26T09:43:13","slug":"ateliere-de-conversatie","status":"publish","type":"post","link":"https:\/\/institutfrancais.ro\/cluj-napoca\/fr\/ateliere-de-conversatie\/","title":{"rendered":"Ateliers de conversation"},"content":{"rendered":"\n<figure class=\"wp-block-image size-large\"><img loading=\"lazy\" decoding=\"async\" width=\"1024\" height=\"384\" src=\"https:\/\/institutfrancais.ro\/cluj-napoca\/wp-content\/uploads\/sites\/3\/2021\/03\/crs-adu-conv-off-1024x384.jpg\" alt=\"\" class=\"wp-image-5012\" srcset=\"https:\/\/institutfrancais.ro\/cluj-napoca\/wp-content\/uploads\/sites\/3\/2021\/03\/crs-adu-conv-off-1024x384.jpg 1024w, https:\/\/institutfrancais.ro\/cluj-napoca\/wp-content\/uploads\/sites\/3\/2021\/03\/crs-adu-conv-off-300x113.jpg 300w, https:\/\/institutfrancais.ro\/cluj-napoca\/wp-content\/uploads\/sites\/3\/2021\/03\/crs-adu-conv-off-768x288.jpg 768w, https:\/\/institutfrancais.ro\/cluj-napoca\/wp-content\/uploads\/sites\/3\/2021\/03\/crs-adu-conv-off-1536x576.jpg 1536w, https:\/\/institutfrancais.ro\/cluj-napoca\/wp-content\/uploads\/sites\/3\/2021\/03\/crs-adu-conv-off.jpg 1680w\" sizes=\"auto, (max-width: 1024px) 100vw, 1024px\" \/><\/figure>\n\n\n\n<p>L\u2019Institut fran\u00e7ais de Roumanie propose des ateliers de conversation.<\/p>\n\n\n\n<p>En pr\u00e9sence d\u2019un <strong>professeur exp\u00e9riment\u00e9<\/strong>, les \u00e9l\u00e8ves inscrits sont invit\u00e9s \u00e0 s\u2019exprimer en fran\u00e7ais autour de th\u00e9matiques propos\u00e9es. Les \u00e9l\u00e8ves sont r\u00e9unis <strong>en petit groupe<\/strong> pour qu\u2019ils puissent interagir entre eux. C\u2019est une approche dynamique et interactive de la langue \u00e0 travers des exercices, des d\u00e9bats et des jeux de r\u00f4le qui permettent d\u2019accumuler des mots et des expressions utilis\u00e9s dans la vie de tous les jours. Le professeur peut utiliser des documents francophones issus de la presse, de livres, de magazines, etc. Il anime le groupe pour faciliter la prise de parole et corrige les erreurs des participants.<\/p>\n\n\n\n<p>Les ateliers sont d\u00e9di\u00e9s aux personnes de <strong>niveau interm\u00e9diaire<\/strong> en fran\u00e7ais (B1 et B2).<\/p>\n\n\n\n<ul class=\"wp-block-list\">\n<li>Anim\u00e9 par un animateur natif<\/li>\n\n\n\n<li>Expression orale sur des sujets d&rsquo;actualit\u00e9<\/li>\n\n\n\n<li>Jeux de r\u00f4les<\/li>\n\n\n\n<li>Documents authentiques<\/li>\n\n\n\n<li><strong>Groupe <\/strong>de 4\u20138 personnes<\/li>\n\n\n\n<li><strong>Dur\u00e9e du cours<\/strong> : 10 heures (5 s\u00e9ances de 2 heures)<\/li>\n\n\n\n<li><strong>Format de l&rsquo;atelier<\/strong> : en pr\u00e9sentiel \u00e0 l&rsquo;Institut<\/li>\n<\/ul>\n\n\n\n<figure class=\"wp-block-image size-large\"><img loading=\"lazy\" decoding=\"async\" width=\"1024\" height=\"9\" src=\"https:\/\/institutfrancais.ro\/cluj-napoca\/wp-content\/uploads\/sites\/3\/2022\/09\/bandeaublanc10px-1024x9.jpg\" alt=\"\" class=\"wp-image-6876\" srcset=\"https:\/\/institutfrancais.ro\/cluj-napoca\/wp-content\/uploads\/sites\/3\/2022\/09\/bandeaublanc10px-1024x9.jpg 1024w, https:\/\/institutfrancais.ro\/cluj-napoca\/wp-content\/uploads\/sites\/3\/2022\/09\/bandeaublanc10px-300x3.jpg 300w, https:\/\/institutfrancais.ro\/cluj-napoca\/wp-content\/uploads\/sites\/3\/2022\/09\/bandeaublanc10px-768x6.jpg 768w, https:\/\/institutfrancais.ro\/cluj-napoca\/wp-content\/uploads\/sites\/3\/2022\/09\/bandeaublanc10px.jpg 1200w\" sizes=\"auto, (max-width: 1024px) 100vw, 1024px\" \/><\/figure>\n\n\n<div class='kiosque-aec'><div\n data-module='classes'\n data-action='courses-selection-tiles'\n data-param-etablishment-branch-id='13'\n data-param-period-id=''\n data-param-classification-id='2'\n data-param-subject-id='1'\n data-param-class-type-id='72'\n data-param-main-level=''\n data-param-levels-to-filter-by=''\n data-param-localization=''\n data-param-class-format-id=''\n data-param-show-filter-choices='1'\n data-param-lang='fr_FR'><\/div><\/div>\n\n\n\n<p><strong>Contact<\/strong><br><a href=\"mailto:secretariat.cluj@institutfrancais.ro\">secretariat.cluj@institutfrancais.ro<\/a>\u00a0| 0264 598 551<\/p>\n","protected":false},"excerpt":{"rendered":"<p>L\u2019Institut fran\u00e7ais de Roumanie propose des ateliers de conversation. En pr\u00e9sence d\u2019un professeur exp\u00e9riment\u00e9, les \u00e9l\u00e8ves inscrits sont invit\u00e9s \u00e0 s\u2019exprimer en fran\u00e7ais autour de th\u00e9matiques propos\u00e9es. Les \u00e9l\u00e8ves sont r\u00e9unis en petit groupe pour qu\u2019ils puissent interagir entre eux. C\u2019est une approche dynamique et interactive de la langue \u00e0 travers des exercices, des d\u00e9bats [&hellip;]<\/p>\n","protected":false},"author":8,"featured_media":9214,"comment_status":"closed","ping_status":"closed","sticky":false,"template":"","format":"standard","meta":{"footnotes":""},"categories":[77,65],"tags":[],"class_list":["post-1809","post","type-post","status-publish","format-standard","has-post-thumbnail","hentry","category-apprendre-le-francais","category-cours-et-examens"],"_links":{"self":[{"href":"https:\/\/institutfrancais.ro\/cluj-napoca\/fr\/wp-json\/wp\/v2\/posts\/1809","targetHints":{"allow":["GET"]}}],"collection":[{"href":"https:\/\/institutfrancais.ro\/cluj-napoca\/fr\/wp-json\/wp\/v2\/posts"}],"about":[{"href":"https:\/\/institutfrancais.ro\/cluj-napoca\/fr\/wp-json\/wp\/v2\/types\/post"}],"author":[{"embeddable":true,"href":"https:\/\/institutfrancais.ro\/cluj-napoca\/fr\/wp-json\/wp\/v2\/users\/8"}],"replies":[{"embeddable":true,"href":"https:\/\/institutfrancais.ro\/cluj-napoca\/fr\/wp-json\/wp\/v2\/comments?post=1809"}],"version-history":[{"count":24,"href":"https:\/\/institutfrancais.ro\/cluj-napoca\/fr\/wp-json\/wp\/v2\/posts\/1809\/revisions"}],"predecessor-version":[{"id":9674,"href":"https:\/\/institutfrancais.ro\/cluj-napoca\/fr\/wp-json\/wp\/v2\/posts\/1809\/revisions\/9674"}],"wp:featuredmedia":[{"embeddable":true,"href":"https:\/\/institutfrancais.ro\/cluj-napoca\/fr\/wp-json\/wp\/v2\/media\/9214"}],"wp:attachment":[{"href":"https:\/\/institutfrancais.ro\/cluj-napoca\/fr\/wp-json\/wp\/v2\/media?parent=1809"}],"wp:term":[{"taxonomy":"category","embeddable":true,"href":"https:\/\/institutfrancais.ro\/cluj-napoca\/fr\/wp-json\/wp\/v2\/categories?post=1809"},{"taxonomy":"post_tag","embeddable":true,"href":"https:\/\/institutfrancais.ro\/cluj-napoca\/fr\/wp-json\/wp\/v2\/tags?post=1809"}],"curies":[{"name":"wp","href":"https:\/\/api.w.org\/{rel}","templated":true}]}}