{"id":1907,"date":"2021-02-05T16:13:37","date_gmt":"2021-02-05T16:13:37","guid":{"rendered":"https:\/\/institutfrancais.ro\/cluj-napoca\/stari-de-interludiu\/"},"modified":"2021-05-11T05:52:25","modified_gmt":"2021-05-11T05:52:25","slug":"stari-de-interludiu","status":"publish","type":"post","link":"https:\/\/institutfrancais.ro\/cluj-napoca\/fr\/stari-de-interludiu\/","title":{"rendered":"\u00c9tats d\u2019interlude"},"content":{"rendered":"\n<h4 class=\"has-vivid-cyan-blue-color has-text-color wp-block-heading\">Andreea Zimbru<\/h4>\n\n\n\n<p><strong>24 octobre \u2013 15 novembre 2019<\/strong><\/p>\n\n\n\n<p>Andreea Zimbru est une jeune artiste clujoise qui suit \u00e0 pr\u00e9sent les cours de l\u2019\u00c9cole doctorale de l\u2019Universit\u00e9 d\u2019art et design de Cluj-Napoca. Partant de l\u2019exp\u00e9rience quotidienne, sa pratique artistique combine des \u00e9l\u00e9ments apparemment antagoniques, comme les relations entre <em>pr\u00e9visible \/ impr\u00e9visible, banal \/ sublime,<\/em> les images se situant \u00e0 la fronti\u00e8re de la <em>certitude <\/em>et de l\u2019<em>\u00e9nigme<\/em>.<br>La transfiguration de l\u2019espace commun est r\u00e9alis\u00e9e avec un esprit ludique, appliquant des filtres et reconfigurant la r\u00e9alit\u00e9. Le titre \u00ab\u2008\u00c9tats d\u2019interlude\u2008\u00bb sugg\u00e8re le d\u00e9passement des circonstances r\u00e9elles concr\u00e8tes, invitant le spectateur \u00e0 explorer avec les protagonistes des peintures, la relation infinie avec l\u2019inconnu.<\/p>\n","protected":false},"excerpt":{"rendered":"<p>Andreea Zimbru 24 octobre \u2013 15 novembre 2019 Andreea Zimbru est une jeune artiste clujoise qui suit \u00e0 pr\u00e9sent les cours de l\u2019\u00c9cole doctorale de l\u2019Universit\u00e9 d\u2019art et design de Cluj-Napoca. Partant de l\u2019exp\u00e9rience quotidienne, sa pratique artistique combine des \u00e9l\u00e9ments apparemment antagoniques, comme les relations entre pr\u00e9visible \/ impr\u00e9visible, banal \/ sublime, les images [&hellip;]<\/p>\n","protected":false},"author":8,"featured_media":454,"comment_status":"open","ping_status":"open","sticky":false,"template":"","format":"standard","meta":{"footnotes":""},"categories":[130,70,56],"tags":[],"class_list":["post-1907","post","type-post","status-publish","format-standard","has-post-thumbnail","hentry","category-2019-fr","category-archive","category-la-cave-fr"],"_links":{"self":[{"href":"https:\/\/institutfrancais.ro\/cluj-napoca\/fr\/wp-json\/wp\/v2\/posts\/1907","targetHints":{"allow":["GET"]}}],"collection":[{"href":"https:\/\/institutfrancais.ro\/cluj-napoca\/fr\/wp-json\/wp\/v2\/posts"}],"about":[{"href":"https:\/\/institutfrancais.ro\/cluj-napoca\/fr\/wp-json\/wp\/v2\/types\/post"}],"author":[{"embeddable":true,"href":"https:\/\/institutfrancais.ro\/cluj-napoca\/fr\/wp-json\/wp\/v2\/users\/8"}],"replies":[{"embeddable":true,"href":"https:\/\/institutfrancais.ro\/cluj-napoca\/fr\/wp-json\/wp\/v2\/comments?post=1907"}],"version-history":[{"count":2,"href":"https:\/\/institutfrancais.ro\/cluj-napoca\/fr\/wp-json\/wp\/v2\/posts\/1907\/revisions"}],"predecessor-version":[{"id":1977,"href":"https:\/\/institutfrancais.ro\/cluj-napoca\/fr\/wp-json\/wp\/v2\/posts\/1907\/revisions\/1977"}],"wp:featuredmedia":[{"embeddable":true,"href":"https:\/\/institutfrancais.ro\/cluj-napoca\/fr\/wp-json\/wp\/v2\/media\/454"}],"wp:attachment":[{"href":"https:\/\/institutfrancais.ro\/cluj-napoca\/fr\/wp-json\/wp\/v2\/media?parent=1907"}],"wp:term":[{"taxonomy":"category","embeddable":true,"href":"https:\/\/institutfrancais.ro\/cluj-napoca\/fr\/wp-json\/wp\/v2\/categories?post=1907"},{"taxonomy":"post_tag","embeddable":true,"href":"https:\/\/institutfrancais.ro\/cluj-napoca\/fr\/wp-json\/wp\/v2\/tags?post=1907"}],"curies":[{"name":"wp","href":"https:\/\/api.w.org\/{rel}","templated":true}]}}