{"id":3013,"date":"2021-11-08T15:56:14","date_gmt":"2021-11-08T13:56:14","guid":{"rendered":"https:\/\/institutfrancais.ro\/cluj-napoca\/tmf-ai-generated-art\/"},"modified":"2021-11-08T16:02:25","modified_gmt":"2021-11-08T14:02:25","slug":"tmf-ai-generated-art","status":"publish","type":"post","link":"https:\/\/institutfrancais.ro\/cluj-napoca\/fr\/tmf-ai-generated-art\/","title":{"rendered":"TMF AI Generated Art"},"content":{"rendered":"\n<p><strong>La Cave, 9\u201312 novembre, 10h\u201317h<\/strong><\/p>\n\n\n\n<figure class=\"wp-block-image size-large\"><img loading=\"lazy\" decoding=\"async\" width=\"1024\" height=\"576\" src=\"https:\/\/institutfrancais.ro\/cluj-napoca\/wp-content\/uploads\/sites\/3\/2021\/11\/TMF_2021_AI_Facebook_EventCover_1920x1080-1024x576.jpeg\" alt=\"\" class=\"wp-image-3015\" srcset=\"https:\/\/institutfrancais.ro\/cluj-napoca\/wp-content\/uploads\/sites\/3\/2021\/11\/TMF_2021_AI_Facebook_EventCover_1920x1080-1024x576.jpeg 1024w, https:\/\/institutfrancais.ro\/cluj-napoca\/wp-content\/uploads\/sites\/3\/2021\/11\/TMF_2021_AI_Facebook_EventCover_1920x1080-300x169.jpeg 300w, https:\/\/institutfrancais.ro\/cluj-napoca\/wp-content\/uploads\/sites\/3\/2021\/11\/TMF_2021_AI_Facebook_EventCover_1920x1080-768x432.jpeg 768w, https:\/\/institutfrancais.ro\/cluj-napoca\/wp-content\/uploads\/sites\/3\/2021\/11\/TMF_2021_AI_Facebook_EventCover_1920x1080-1536x864.jpeg 1536w, https:\/\/institutfrancais.ro\/cluj-napoca\/wp-content\/uploads\/sites\/3\/2021\/11\/TMF_2021_AI_Facebook_EventCover_1920x1080.jpeg 1920w\" sizes=\"auto, (max-width: 1024px) 100vw, 1024px\" \/><\/figure>\n\n\n\n<p>Dans le cadre de Novembre num\u00e9rique, du 9 au 12 novembre, Transylvania Mountain Festival et l&rsquo;Institut fran\u00e7ais de Cluj-Napoca vous invitent \u00e0 une exp\u00e9rience artistique cr\u00e9\u00e9e par l&rsquo;intelligence artificielle, sur le th\u00e8me de l&rsquo;\u00e9dition du festival : <strong>Au-dessus des sommets<\/strong>.<br>Vous d\u00e9couvrirez comment le logiciel d&rsquo;IA utilis\u00e9 pour cette galerie virtuelle parvient \u00e0 cr\u00e9er de mani\u00e8re artistique des personnages repr\u00e9sentatifs des sports de montagne et des paysages dans lesquels ils \u00e9voluent.<\/p>\n\n\n\n<p><strong>TMF AI Generated Art <\/strong>est un projet d&rsquo;exploration et d&rsquo;inspiration pour les modalit\u00e9s dont nous pouvons utiliser les technologies de l&rsquo;IA.<\/p>\n","protected":false},"excerpt":{"rendered":"<p>Exp\u00e9rience artistique cr\u00e9\u00e9e par l&rsquo;intelligence artificielle, sur le th\u00e8me Au-dessus des sommets<\/p>\n","protected":false},"author":8,"featured_media":3011,"comment_status":"open","ping_status":"open","sticky":false,"template":"","format":"standard","meta":{"footnotes":""},"categories":[123,70,56],"tags":[],"class_list":["post-3013","post","type-post","status-publish","format-standard","has-post-thumbnail","hentry","category-2021-fr","category-archive","category-la-cave-fr"],"_links":{"self":[{"href":"https:\/\/institutfrancais.ro\/cluj-napoca\/fr\/wp-json\/wp\/v2\/posts\/3013","targetHints":{"allow":["GET"]}}],"collection":[{"href":"https:\/\/institutfrancais.ro\/cluj-napoca\/fr\/wp-json\/wp\/v2\/posts"}],"about":[{"href":"https:\/\/institutfrancais.ro\/cluj-napoca\/fr\/wp-json\/wp\/v2\/types\/post"}],"author":[{"embeddable":true,"href":"https:\/\/institutfrancais.ro\/cluj-napoca\/fr\/wp-json\/wp\/v2\/users\/8"}],"replies":[{"embeddable":true,"href":"https:\/\/institutfrancais.ro\/cluj-napoca\/fr\/wp-json\/wp\/v2\/comments?post=3013"}],"version-history":[{"count":3,"href":"https:\/\/institutfrancais.ro\/cluj-napoca\/fr\/wp-json\/wp\/v2\/posts\/3013\/revisions"}],"predecessor-version":[{"id":3021,"href":"https:\/\/institutfrancais.ro\/cluj-napoca\/fr\/wp-json\/wp\/v2\/posts\/3013\/revisions\/3021"}],"wp:featuredmedia":[{"embeddable":true,"href":"https:\/\/institutfrancais.ro\/cluj-napoca\/fr\/wp-json\/wp\/v2\/media\/3011"}],"wp:attachment":[{"href":"https:\/\/institutfrancais.ro\/cluj-napoca\/fr\/wp-json\/wp\/v2\/media?parent=3013"}],"wp:term":[{"taxonomy":"category","embeddable":true,"href":"https:\/\/institutfrancais.ro\/cluj-napoca\/fr\/wp-json\/wp\/v2\/categories?post=3013"},{"taxonomy":"post_tag","embeddable":true,"href":"https:\/\/institutfrancais.ro\/cluj-napoca\/fr\/wp-json\/wp\/v2\/tags?post=3013"}],"curies":[{"name":"wp","href":"https:\/\/api.w.org\/{rel}","templated":true}]}}