{"id":9486,"date":"2025-09-04T15:24:52","date_gmt":"2025-09-04T13:24:52","guid":{"rendered":"https:\/\/institutfrancais.ro\/cluj-napoca\/alexandra-mocan\/"},"modified":"2025-09-04T15:40:25","modified_gmt":"2025-09-04T13:40:25","slug":"alexandra-mocan","status":"publish","type":"post","link":"https:\/\/institutfrancais.ro\/cluj-napoca\/fr\/alexandra-mocan\/","title":{"rendered":"Alexandra Mocan"},"content":{"rendered":"\n<h3 class=\"wp-block-heading has-vivid-cyan-blue-color has-text-color has-link-color wp-elements-cf686dd72d4d1172f9f2c81a6c9bdf62\">Alexandra Mocan est la nouvelle commissaire des expositions \u00e0 La Cave de l\u2019Institut fran\u00e7ais entre octobre 2025 et janvier 2026!<\/h3>\n\n\n\n<p>Son projet, intitul\u00e9 <strong><em>Narrowing Down<\/em><\/strong> se d\u00e9roule \u00e0 travers trois expositions qui retracent le cours de la vie au fur et \u00e0 mesure qu&rsquo;elle s&rsquo;\u00e9coule. La premi\u00e8re explore le foyer et l&rsquo;identit\u00e9, examinant la nostalgie, les m\u00e9canismes de formation et la mani\u00e8re dont l&rsquo;h\u00e9ritage fa\u00e7onne notre avenir. La deuxi\u00e8me aborde l&rsquo;\u00e2ge adulte, le travail et les pressions qui contraignent l&rsquo;individu \u00e0 se conformer aux attentes sociales. La derni\u00e8re exposition se tourne vers l&rsquo;int\u00e9rieur, explorant l&rsquo;\u00e9l\u00e9mentaire \u00e0 travers la mati\u00e8re dans une interaction presque psychanalytique, aboutissant \u00e0 une conclusion qui embrasse \u00e0 la fois l&rsquo;effacement et la possibilit\u00e9 de transformation.<\/p>\n\n\n\n<figure class=\"wp-block-image size-large\"><img loading=\"lazy\" decoding=\"async\" width=\"1024\" height=\"683\" src=\"https:\/\/institutfrancais.ro\/cluj-napoca\/wp-content\/uploads\/sites\/3\/2025\/09\/amocan-1024x683.jpg\" alt=\"\" class=\"wp-image-9483\" srcset=\"https:\/\/institutfrancais.ro\/cluj-napoca\/wp-content\/uploads\/sites\/3\/2025\/09\/amocan-1024x683.jpg 1024w, https:\/\/institutfrancais.ro\/cluj-napoca\/wp-content\/uploads\/sites\/3\/2025\/09\/amocan-600x400.jpg 600w, https:\/\/institutfrancais.ro\/cluj-napoca\/wp-content\/uploads\/sites\/3\/2025\/09\/amocan-768x512.jpg 768w, https:\/\/institutfrancais.ro\/cluj-napoca\/wp-content\/uploads\/sites\/3\/2025\/09\/amocan.jpg 1200w\" sizes=\"auto, (max-width: 1024px) 100vw, 1024px\" \/><\/figure>\n\n\n\n<p>Photo : Cezar C\u00eempeanu, 2022<\/p>\n\n\n\n<p class=\"has-background\" style=\"background-color:#ecc3c3\"><strong>Alexandra Mocan<\/strong> (n\u00e9e en 1991 \u00e0 Cluj-Napoca, o\u00f9 elle vit et travaille) est une artiste visuelle, commissaire d&rsquo;exposition et cofondatrice de MATCA artspace, un espace artistique g\u00e9r\u00e9 par des artistes et cr\u00e9\u00e9 en 2017. Titulaire d&rsquo;un master en peinture de l&rsquo;UAD Cluj (2015), elle d\u00e9veloppe sa pratique \u00e0 Unirea Studios, un b\u00e2timent industriel qui abrite plusieurs ateliers d&rsquo;artistes.<br>En tant que conservatrice, elle s&rsquo;int\u00e9resse \u00e0 la relation entre l&rsquo;art et les espaces dans lesquels il se d\u00e9ploie, en mettant l&rsquo;accent sur la sc\u00e8ne \u00e9mergente, les d\u00e9fis auxquels les artistes sont confront\u00e9s pour exercer leur profession et les fa\u00e7ons dont le travail culturel est identifi\u00e9 et valoris\u00e9. Elle est particuli\u00e8rement attir\u00e9e par les exemples de r\u00e9silience dans les pratiques artistiques et culturelles. Elle est l&rsquo;une des initiatrices et co-commissaires de Rubik, un projet offrant un espace aux initiatives touch\u00e9es par l&rsquo;expansion du march\u00e9 immobilier, et a r\u00e9cemment lanc\u00e9 \u201eReziden\u021be \u00een mi\u0219care\u201d, une plateforme offrant des possibilit\u00e9s de recherche et de mobilit\u00e9 aux artistes roumains \u00e0 l&rsquo;\u00e9tranger. Elle est \u00e9galement l&rsquo;initiatrice et la commissaire de FORWARD, un programme de r\u00e9sidence d\u00e9di\u00e9 aux commissaires \u00e9mergents, un projet en cours lanc\u00e9 cette ann\u00e9e.<br>Outre MATCA, elle a organis\u00e9 des expositions dans divers lieux, notamment Malmaison \/ L1, Cazul 101, \u021aOL, Heerz Tooya, NEW NOW, Funnel Contemporary, Aether artspace, Contemporar et le mus\u00e9e d&rsquo;art de Cluj-Napoca.<\/p>\n","protected":false},"excerpt":{"rendered":"<p>Alexandra Mocan est la nouvelle commissaire des expositions \u00e0 La Cave de l\u2019Institut fran\u00e7ais entre octobre 2025 et janvier 2026! Son projet, intitul\u00e9 Narrowing Down se d\u00e9roule \u00e0 travers trois expositions qui retracent le cours de la vie au fur et \u00e0 mesure qu&rsquo;elle s&rsquo;\u00e9coule. La premi\u00e8re explore le foyer et l&rsquo;identit\u00e9, examinant la nostalgie, [&hellip;]<\/p>\n","protected":false},"author":8,"featured_media":9484,"comment_status":"closed","ping_status":"closed","sticky":false,"template":"","format":"standard","meta":{"footnotes":""},"categories":[56],"tags":[],"class_list":["post-9486","post","type-post","status-publish","format-standard","has-post-thumbnail","hentry","category-la-cave-fr"],"_links":{"self":[{"href":"https:\/\/institutfrancais.ro\/cluj-napoca\/fr\/wp-json\/wp\/v2\/posts\/9486","targetHints":{"allow":["GET"]}}],"collection":[{"href":"https:\/\/institutfrancais.ro\/cluj-napoca\/fr\/wp-json\/wp\/v2\/posts"}],"about":[{"href":"https:\/\/institutfrancais.ro\/cluj-napoca\/fr\/wp-json\/wp\/v2\/types\/post"}],"author":[{"embeddable":true,"href":"https:\/\/institutfrancais.ro\/cluj-napoca\/fr\/wp-json\/wp\/v2\/users\/8"}],"replies":[{"embeddable":true,"href":"https:\/\/institutfrancais.ro\/cluj-napoca\/fr\/wp-json\/wp\/v2\/comments?post=9486"}],"version-history":[{"count":3,"href":"https:\/\/institutfrancais.ro\/cluj-napoca\/fr\/wp-json\/wp\/v2\/posts\/9486\/revisions"}],"predecessor-version":[{"id":9491,"href":"https:\/\/institutfrancais.ro\/cluj-napoca\/fr\/wp-json\/wp\/v2\/posts\/9486\/revisions\/9491"}],"wp:featuredmedia":[{"embeddable":true,"href":"https:\/\/institutfrancais.ro\/cluj-napoca\/fr\/wp-json\/wp\/v2\/media\/9484"}],"wp:attachment":[{"href":"https:\/\/institutfrancais.ro\/cluj-napoca\/fr\/wp-json\/wp\/v2\/media?parent=9486"}],"wp:term":[{"taxonomy":"category","embeddable":true,"href":"https:\/\/institutfrancais.ro\/cluj-napoca\/fr\/wp-json\/wp\/v2\/categories?post=9486"},{"taxonomy":"post_tag","embeddable":true,"href":"https:\/\/institutfrancais.ro\/cluj-napoca\/fr\/wp-json\/wp\/v2\/tags?post=9486"}],"curies":[{"name":"wp","href":"https:\/\/api.w.org\/{rel}","templated":true}]}}