{"id":10396,"date":"2026-04-27T10:03:36","date_gmt":"2026-04-27T08:03:36","guid":{"rendered":"https:\/\/institutfrancais.ro\/cluj-napoca\/?p=10396"},"modified":"2026-04-28T08:53:41","modified_gmt":"2026-04-28T06:53:41","slug":"the-after-conversation-la-conversation-dapres","status":"publish","type":"post","link":"https:\/\/institutfrancais.ro\/cluj-napoca\/the-after-conversation-la-conversation-dapres\/","title":{"rendered":"The After Conversation \/ La conversation d&#8217;apr\u00e8s"},"content":{"rendered":"\n<figure class=\"wp-block-image size-large\"><img loading=\"lazy\" decoding=\"async\" width=\"1024\" height=\"482\" src=\"https:\/\/institutfrancais.ro\/cluj-napoca\/wp-content\/uploads\/sites\/3\/2026\/04\/afterconversation-1024x482.jpg\" alt=\"\" class=\"wp-image-10397\" srcset=\"https:\/\/institutfrancais.ro\/cluj-napoca\/wp-content\/uploads\/sites\/3\/2026\/04\/afterconversation-1024x482.jpg 1024w, https:\/\/institutfrancais.ro\/cluj-napoca\/wp-content\/uploads\/sites\/3\/2026\/04\/afterconversation-600x283.jpg 600w, https:\/\/institutfrancais.ro\/cluj-napoca\/wp-content\/uploads\/sites\/3\/2026\/04\/afterconversation-768x362.jpg 768w, https:\/\/institutfrancais.ro\/cluj-napoca\/wp-content\/uploads\/sites\/3\/2026\/04\/afterconversation-1536x723.jpg 1536w, https:\/\/institutfrancais.ro\/cluj-napoca\/wp-content\/uploads\/sites\/3\/2026\/04\/afterconversation.jpg 1771w\" sizes=\"auto, (max-width: 1024px) 100vw, 1024px\" \/><\/figure>\n\n\n\n<p><strong>30 aprilie \u2013 12 iunie 2026<br>La Cave, Institutul Francez<br>I.I.C. Br\u0103tianu 22, Cluj-Napoca<br>vernisaj: 30 aprilie, ora 18<br>program de vizitare: L\u2013V: 10\u201317<\/strong><\/p>\n\n\n\n<p><strong><em>Solo show:<\/em>&nbsp;Thea Laz\u0103r<\/strong><\/p>\n\n\n\n<p><strong><em>Curatoare:<\/em>&nbsp;Gabriela Moldovan<\/strong><\/p>\n\n\n\n<p><strong>The After Conversation <\/strong>exploreaz\u0103 modul \u00een care urmele trecutului, fie ele experien\u021be tr\u0103ite sau fragmente imaginare, continu\u0103 s\u0103 modeleze prezentul. Expozi\u021bia aduce \u00eempreun\u0103 lucr\u0103ri care func\u021bioneaz\u0103 ca ecouri \u0219i artefacte, propun\u00e2nd o form\u0103 de \u201earheologie\u201d a sinelui \u0219i a memoriei. Prin procese de acumulare, fragmentare \u0219i reconstruc\u021bie, vizitatorul este invitat s\u0103 reflecteze asupra felului \u00een care sensul se recompune din ceea ce r\u0103m\u00e2ne.<\/p>\n\n\n\n<hr class=\"wp-block-separator has-alpha-channel-opacity is-style-dots\"\/>\n\n\n\n<p><strong>Thea Laz\u0103r<\/strong> lucreaz\u0103 cu o gam\u0103 larg\u0103 de medii, de la textile \u0219i broderie, la instala\u021bii multimedia, video \u0219i anima\u021bie 3D. Practica ei exploreaz\u0103 rela\u021bia dintre medii tradi\u021bionale \u0219i produc\u021bie digital\u0103, folosindu-se de pove\u0219ti at\u00e2t ca metod\u0103 de lucru, c\u00e2t \u0219i ca structur\u0103 a imaginarului.<\/p>\n\n\n\n<hr class=\"wp-block-separator has-alpha-channel-opacity\"\/>\n\n\n\n<p>Partener:&nbsp;<strong>Ile de France<\/strong><\/p>\n","protected":false},"excerpt":{"rendered":"<p>30 aprilie \u2013 12 iunie 2026La Cave, Institutul FrancezI.I.C. Br\u0103tianu 22, Cluj-Napocavernisaj: 30 aprilie, ora 18program de vizitare: L\u2013V: 10\u201317 Solo show:&nbsp;Thea Laz\u0103r Curatoare:&nbsp;Gabriela Moldovan The After Conversation exploreaz\u0103 modul \u00een care urmele trecutului, fie ele experien\u021be tr\u0103ite sau fragmente imaginare, continu\u0103 s\u0103 modeleze prezentul. Expozi\u021bia aduce \u00eempreun\u0103 lucr\u0103ri care func\u021bioneaz\u0103 ca ecouri \u0219i artefacte, [&hellip;]<\/p>\n","protected":false},"author":8,"featured_media":10397,"comment_status":"open","ping_status":"open","sticky":false,"template":"","format":"standard","meta":{"footnotes":""},"categories":[19],"tags":[],"class_list":["post-10396","post","type-post","status-publish","format-standard","has-post-thumbnail","hentry","category-la-cave"],"_links":{"self":[{"href":"https:\/\/institutfrancais.ro\/cluj-napoca\/wp-json\/wp\/v2\/posts\/10396","targetHints":{"allow":["GET"]}}],"collection":[{"href":"https:\/\/institutfrancais.ro\/cluj-napoca\/wp-json\/wp\/v2\/posts"}],"about":[{"href":"https:\/\/institutfrancais.ro\/cluj-napoca\/wp-json\/wp\/v2\/types\/post"}],"author":[{"embeddable":true,"href":"https:\/\/institutfrancais.ro\/cluj-napoca\/wp-json\/wp\/v2\/users\/8"}],"replies":[{"embeddable":true,"href":"https:\/\/institutfrancais.ro\/cluj-napoca\/wp-json\/wp\/v2\/comments?post=10396"}],"version-history":[{"count":3,"href":"https:\/\/institutfrancais.ro\/cluj-napoca\/wp-json\/wp\/v2\/posts\/10396\/revisions"}],"predecessor-version":[{"id":10414,"href":"https:\/\/institutfrancais.ro\/cluj-napoca\/wp-json\/wp\/v2\/posts\/10396\/revisions\/10414"}],"wp:featuredmedia":[{"embeddable":true,"href":"https:\/\/institutfrancais.ro\/cluj-napoca\/wp-json\/wp\/v2\/media\/10397"}],"wp:attachment":[{"href":"https:\/\/institutfrancais.ro\/cluj-napoca\/wp-json\/wp\/v2\/media?parent=10396"}],"wp:term":[{"taxonomy":"category","embeddable":true,"href":"https:\/\/institutfrancais.ro\/cluj-napoca\/wp-json\/wp\/v2\/categories?post=10396"},{"taxonomy":"post_tag","embeddable":true,"href":"https:\/\/institutfrancais.ro\/cluj-napoca\/wp-json\/wp\/v2\/tags?post=10396"}],"curies":[{"name":"wp","href":"https:\/\/api.w.org\/{rel}","templated":true}]}}