{"id":1554,"date":"2021-04-12T10:47:05","date_gmt":"2021-04-12T08:47:05","guid":{"rendered":"https:\/\/institutfrancais.ro\/cluj-napoca\/?p=1554"},"modified":"2022-10-14T08:10:22","modified_gmt":"2022-10-14T06:10:22","slug":"o-serie-de-neregularitati-tehnice","status":"publish","type":"post","link":"https:\/\/institutfrancais.ro\/cluj-napoca\/o-serie-de-neregularitati-tehnice\/","title":{"rendered":"O serie de neregularit\u0103\u021bi tehnice"},"content":{"rendered":"\n<h4 class=\"has-vivid-cyan-blue-color has-text-color wp-block-heading\">Daria Langa<\/h4>\n\n\n\n<p><strong>15 \u2013 29 aprilie<\/strong><\/p>\n\n\n\n<p>Curator: <strong>Lina \u021a\u0103rmure<\/strong><br>Computer scientist: Ing. <strong>Constantin Ma\u0219ca<\/strong>, Muzica: <strong>Horea Laz\u0103r<\/strong><\/p>\n\n\n\n<p>O neregularitate reprezint\u0103 o abatere de la norm\u0103, care poate produce erori, deterior\u0103ri, deform\u0103ri \u0219i\/sau daune. Tot din seria neregularit\u0103\u021bilor fac parte \u0219i situa\u021biile care \u00eemping oamenii s\u0103 participe la proteste, \u00een timp ce simpla lor prezen\u021b\u0103 acolo constituie, de asemenea, o deformare a conven\u021biei ordinii publice.<br>\u00cen fiecare individ zace, \u00een spatele responsabilit\u0103\u021bilor cotidiene, o putere latent\u0103, deseori neconstientizat\u0103. Astfel, <strong>O serie de neregularit\u0103\u021bi tehnice<\/strong> invit\u0103 vizitatorii s\u0103 interac\u021bioneze cu aceasta, \u00een raport cu materialul video, experiment\u00e2nd, \u00eentr-o oarecare m\u0103sur\u0103, ce efecte poate avea contribu\u021bia lor individual\u0103, aparent nesemnificativ\u0103, la un act de #rezist(en\u021b\u0103).<br>Paralel ideii de neregularitate (suferit\u0103 sau creat\u0103) \u0219i a deform\u0103rii de percep\u021bie \/ abaterii de la conven\u021bie (experimentat\u0103 sau generat\u0103), Daria Langa ilustreaz\u0103 ac\u021biunea de a protesta \u00een acela\u0219i fel \u2013 distorsionat. Eterogenul devine omogen, elementele distincte devin unitare, sinele se dizolv\u0103 \u00een siajul pregnan\u021bei mul\u021bimii. At\u00e2t \u00een pictur\u0103, c\u00e2t \u0219i \u00een fotografie, respectiv video, culorile se amestec\u0103, red\u00e2nd, astfel, haosul generat de existen\u021ba grupurilor ample de oameni, care creaz\u0103 un conglomerat de agita\u021bie. Ba mai mult, artista \u00eens\u0103\u0219i se grupeaz\u0103 cu ingineri tehnici pentru a dezvolta videourile \u2013 majoritatea realizate \u00een timpul particip\u0103rii la diverse proteste \u00een perioada 2018-2021 \u2013 \u00eentr-o instala\u021bie interactiv\u0103. Astfel, lucr\u0103rile digitale devin, \u00een func\u021bie de num\u0103rul de vizitatori din fa\u021ba proiec\u021biei, o alterare a materialelor originale.<\/p>\n","protected":false},"excerpt":{"rendered":"<p>Daria Langa 15 \u2013 29 aprilie Curator: Lina \u021a\u0103rmureComputer scientist: Ing. Constantin Ma\u0219ca, Muzica: Horea Laz\u0103r O neregularitate reprezint\u0103 o abatere de la norm\u0103, care poate produce erori, deterior\u0103ri, deform\u0103ri \u0219i\/sau daune. Tot din seria neregularit\u0103\u021bilor fac parte \u0219i situa\u021biile care \u00eemping oamenii s\u0103 participe la proteste, \u00een timp ce simpla lor prezen\u021b\u0103 acolo constituie, [&hellip;]<\/p>\n","protected":false},"author":8,"featured_media":1546,"comment_status":"open","ping_status":"open","sticky":false,"template":"","format":"standard","meta":{"footnotes":""},"categories":[118,20,19],"tags":[],"class_list":["post-1554","post","type-post","status-publish","format-standard","has-post-thumbnail","hentry","category-118","category-arhiva","category-la-cave"],"_links":{"self":[{"href":"https:\/\/institutfrancais.ro\/cluj-napoca\/wp-json\/wp\/v2\/posts\/1554","targetHints":{"allow":["GET"]}}],"collection":[{"href":"https:\/\/institutfrancais.ro\/cluj-napoca\/wp-json\/wp\/v2\/posts"}],"about":[{"href":"https:\/\/institutfrancais.ro\/cluj-napoca\/wp-json\/wp\/v2\/types\/post"}],"author":[{"embeddable":true,"href":"https:\/\/institutfrancais.ro\/cluj-napoca\/wp-json\/wp\/v2\/users\/8"}],"replies":[{"embeddable":true,"href":"https:\/\/institutfrancais.ro\/cluj-napoca\/wp-json\/wp\/v2\/comments?post=1554"}],"version-history":[{"count":2,"href":"https:\/\/institutfrancais.ro\/cluj-napoca\/wp-json\/wp\/v2\/posts\/1554\/revisions"}],"predecessor-version":[{"id":1886,"href":"https:\/\/institutfrancais.ro\/cluj-napoca\/wp-json\/wp\/v2\/posts\/1554\/revisions\/1886"}],"wp:featuredmedia":[{"embeddable":true,"href":"https:\/\/institutfrancais.ro\/cluj-napoca\/wp-json\/wp\/v2\/media\/1546"}],"wp:attachment":[{"href":"https:\/\/institutfrancais.ro\/cluj-napoca\/wp-json\/wp\/v2\/media?parent=1554"}],"wp:term":[{"taxonomy":"category","embeddable":true,"href":"https:\/\/institutfrancais.ro\/cluj-napoca\/wp-json\/wp\/v2\/categories?post=1554"},{"taxonomy":"post_tag","embeddable":true,"href":"https:\/\/institutfrancais.ro\/cluj-napoca\/wp-json\/wp\/v2\/tags?post=1554"}],"curies":[{"name":"wp","href":"https:\/\/api.w.org\/{rel}","templated":true}]}}