{"id":159,"date":"2021-02-05T16:09:23","date_gmt":"2021-02-05T14:09:23","guid":{"rendered":"https:\/\/institutfrancais.ro\/cluj-napoca\/?p=159"},"modified":"2022-10-14T07:52:39","modified_gmt":"2022-10-14T05:52:39","slug":"provocare-raku","status":"publish","type":"post","link":"https:\/\/institutfrancais.ro\/cluj-napoca\/provocare-raku\/","title":{"rendered":"Provocare raku"},"content":{"rendered":"\n<h4 class=\"has-vivid-cyan-blue-color has-text-color wp-block-heading\">Mana Bucur<\/h4>\n\n\n\n<p><strong>30 septembrie \u2013 18 octombrie 2019 \u2022 \u00een cadrul Bienalei Interna\u0163ionale de ceramic\u0103 din Cluj<\/strong><\/p>\n\n\n\n<p><em>Raku \u2013 acest tratament termic \u00een ceramic\u0103 este pentru mine o real\u0103 provocare\u2026 \u00een ciuda faptului c\u0103 utilizez tehnic\u0103 de ardere monitorizat\u0103 electronic, intervine inevitabilul, \u00eent\u00eempl\u0103torul \u0219i surpriza care poate fi bun\u0103 sau dezastruoas\u0103. Tot procesul este ca un spectacol irepetabil \u0219i de aceea este frumos, provocator, ademenitor c\u0103ci, la urma urmei, to\u0163i tindem s\u0103 cre\u0103m unicate.<\/em><\/p>\n\n\n\n<p>Mana Bucur este artist ceramist, pre\u0219edinta filialei Mure\u0219 a Uniunii Arti\u0219tilor Plastici.<\/p>\n","protected":false},"excerpt":{"rendered":"<p>Mana Bucur 30 septembrie \u2013 18 octombrie 2019 \u2022 \u00een cadrul Bienalei Interna\u0163ionale de ceramic\u0103 din Cluj Raku \u2013 acest tratament termic \u00een ceramic\u0103 este pentru mine o real\u0103 provocare\u2026 \u00een ciuda faptului c\u0103 utilizez tehnic\u0103 de ardere monitorizat\u0103 electronic, intervine inevitabilul, \u00eent\u00eempl\u0103torul \u0219i surpriza care poate fi bun\u0103 sau dezastruoas\u0103. Tot procesul este ca [&hellip;]<\/p>\n","protected":false},"author":8,"featured_media":455,"comment_status":"open","ping_status":"open","sticky":false,"template":"","format":"standard","meta":{"footnotes":""},"categories":[128,20,19],"tags":[],"class_list":["post-159","post","type-post","status-publish","format-standard","has-post-thumbnail","hentry","category-128","category-arhiva","category-la-cave"],"_links":{"self":[{"href":"https:\/\/institutfrancais.ro\/cluj-napoca\/wp-json\/wp\/v2\/posts\/159","targetHints":{"allow":["GET"]}}],"collection":[{"href":"https:\/\/institutfrancais.ro\/cluj-napoca\/wp-json\/wp\/v2\/posts"}],"about":[{"href":"https:\/\/institutfrancais.ro\/cluj-napoca\/wp-json\/wp\/v2\/types\/post"}],"author":[{"embeddable":true,"href":"https:\/\/institutfrancais.ro\/cluj-napoca\/wp-json\/wp\/v2\/users\/8"}],"replies":[{"embeddable":true,"href":"https:\/\/institutfrancais.ro\/cluj-napoca\/wp-json\/wp\/v2\/comments?post=159"}],"version-history":[{"count":1,"href":"https:\/\/institutfrancais.ro\/cluj-napoca\/wp-json\/wp\/v2\/posts\/159\/revisions"}],"predecessor-version":[{"id":981,"href":"https:\/\/institutfrancais.ro\/cluj-napoca\/wp-json\/wp\/v2\/posts\/159\/revisions\/981"}],"wp:featuredmedia":[{"embeddable":true,"href":"https:\/\/institutfrancais.ro\/cluj-napoca\/wp-json\/wp\/v2\/media\/455"}],"wp:attachment":[{"href":"https:\/\/institutfrancais.ro\/cluj-napoca\/wp-json\/wp\/v2\/media?parent=159"}],"wp:term":[{"taxonomy":"category","embeddable":true,"href":"https:\/\/institutfrancais.ro\/cluj-napoca\/wp-json\/wp\/v2\/categories?post=159"},{"taxonomy":"post_tag","embeddable":true,"href":"https:\/\/institutfrancais.ro\/cluj-napoca\/wp-json\/wp\/v2\/tags?post=159"}],"curies":[{"name":"wp","href":"https:\/\/api.w.org\/{rel}","templated":true}]}}