{"id":2062,"date":"2021-05-17T08:25:10","date_gmt":"2021-05-17T06:25:10","guid":{"rendered":"https:\/\/institutfrancais.ro\/cluj-napoca\/?p=2062"},"modified":"2022-10-14T08:10:53","modified_gmt":"2022-10-14T06:10:53","slug":"realites-corporelles-des-identites-incertaines","status":"publish","type":"post","link":"https:\/\/institutfrancais.ro\/cluj-napoca\/realites-corporelles-des-identites-incertaines\/","title":{"rendered":"Corporealit\u0103\u021bi. Identit\u0103\u021bi incerte"},"content":{"rendered":"\n<h4 class=\"has-vivid-cyan-blue-color has-text-color wp-block-heading\">Ada Muntean<\/h4>\n\n\n\n<p><strong>27 mai \u2013 8 iunie 2021<\/strong><\/p>\n\n\n\n<p>Curator: <strong>Lina \u021a\u0103rmure<\/strong><\/p>\n\n\n\n<p><em>Ada Muntean abordeaz\u0103 problematica identit\u0103\u021bii omului contemporan, a sinelui, a ego-ului \u0219i a rela\u021biei corp-societate. \u00cen viziunea ei, corpurile umane descriu o realitate cunoscut\u0103 f\u0103r\u0103 a o delimita cu certitudine: de la o \u00een\u0219iruire de posibile tipologii\/caractere umane, la \u00eenf\u0103\u021bi\u0219area unei culturi\/societ\u0103\u021bi \u0219i p\u00e2n\u0103 la confesiunea unei istorii personale \u2013 acestea \u00eencheag\u0103 o serie vizual-plastic\u0103 menit\u0103 s\u0103 pun\u0103 \u00eentreb\u0103ri \u0219i nu neap\u0103rat s\u0103 r\u0103spund\u0103 concret asupra naturii omului contemporan. Ipostazele identitare cu caracter ambiguu \u0219i tranzitoriu sugereaz\u0103 vizual o dezintegrare, o dematerializare a trupului, iar ideatic subliniaz\u0103 decaden\u021ba existen\u021bial\u0103.<br>Compozi\u021biile chestioneaz\u0103 capacitatea de reg\u0103sire a receptorului \u00een subiectul reprezentat, \u00eens\u0103 p\u0103streaz\u0103 un voit mister prin eliminarea caracterului narativ \u0219i a portretisticii descriptive.<\/em><\/p>\n\n\n\n<p><strong>Ada Muntean<\/strong> s-a n\u0103scut \u00een 1987 la Cluj-Napoca, unde tr\u0103ie\u0219te \u0219i lucreaz\u0103. \u00cen 2009 a absolvit sec\u021bia Grafic\u0103 a Universit\u0103\u021bii de Art\u0103 \u0219i Design din Cluj-Napoca, unde ulterior a ob\u021binut masteratul \u00een 2011 \u0219i doctoratul \u00een Arte Vizuale, \u00een 2019. A beneficiat de burse universitare la Birmingham Institute of Art and Design, Marea Britanie \u0219i Jan Matejko Academy of Fine Arts din Cracovia, Polonia. \u00cen 2015 a urmat un internship la Peckham Platform din Londra, iar \u00een 2016 la Galeria Plan B din Berlin. \u00centre expozi\u021biile personale se num\u0103r\u0103 <em>Corporealities. Uncertain Bodies <\/em>la Estopia Art Gallery Bucure\u0219ti (2020), <em>Relativity, <\/em>duo show cu Andreea Anghel, Galeria Nano, Cluj-Napoca, <em>Blackout. [Follow The White Rabbit], <\/em>NEW NOW Art Space, Frankfurt \u0219i <em>Sabotage: Deconstructing The Unforeseen \u2013 Camera, <\/em>Centrul de Interes, Cluj-Napoca, \u00een 2018; <em>Dot Fever. Future Memories, <\/em>duo show cu Mathias Bar, open studio Cluj; <em>Fluid Identity,<\/em> FIVE PLUS Art Gallery, Viena, \u00een 2017, \u0219.a. A participat la numeroase expozi\u021bii \u0219i proiecte de grup \u00een \u021bar\u0103 (Cluj, Bucure\u0219ti, Timi\u0219oara) \u0219i \u00een str\u0103in\u0103tate (Trieste, Viena \u0219i \u00een cadrul Bienalei de Arhitectur\u0103 de la Vene\u021bia).<\/p>\n","protected":false},"excerpt":{"rendered":"<p>Ada Muntean abordeaz\u0103 problematica identit\u0103\u021bii omului contemporan, a sinelui, a ego-ului \u0219i a rela\u021biei corp-societate. <\/p>\n","protected":false},"author":8,"featured_media":1745,"comment_status":"open","ping_status":"open","sticky":false,"template":"","format":"standard","meta":{"footnotes":""},"categories":[118,20,19],"tags":[],"class_list":["post-2062","post","type-post","status-publish","format-standard","has-post-thumbnail","hentry","category-118","category-arhiva","category-la-cave"],"_links":{"self":[{"href":"https:\/\/institutfrancais.ro\/cluj-napoca\/wp-json\/wp\/v2\/posts\/2062","targetHints":{"allow":["GET"]}}],"collection":[{"href":"https:\/\/institutfrancais.ro\/cluj-napoca\/wp-json\/wp\/v2\/posts"}],"about":[{"href":"https:\/\/institutfrancais.ro\/cluj-napoca\/wp-json\/wp\/v2\/types\/post"}],"author":[{"embeddable":true,"href":"https:\/\/institutfrancais.ro\/cluj-napoca\/wp-json\/wp\/v2\/users\/8"}],"replies":[{"embeddable":true,"href":"https:\/\/institutfrancais.ro\/cluj-napoca\/wp-json\/wp\/v2\/comments?post=2062"}],"version-history":[{"count":3,"href":"https:\/\/institutfrancais.ro\/cluj-napoca\/wp-json\/wp\/v2\/posts\/2062\/revisions"}],"predecessor-version":[{"id":2283,"href":"https:\/\/institutfrancais.ro\/cluj-napoca\/wp-json\/wp\/v2\/posts\/2062\/revisions\/2283"}],"wp:featuredmedia":[{"embeddable":true,"href":"https:\/\/institutfrancais.ro\/cluj-napoca\/wp-json\/wp\/v2\/media\/1745"}],"wp:attachment":[{"href":"https:\/\/institutfrancais.ro\/cluj-napoca\/wp-json\/wp\/v2\/media?parent=2062"}],"wp:term":[{"taxonomy":"category","embeddable":true,"href":"https:\/\/institutfrancais.ro\/cluj-napoca\/wp-json\/wp\/v2\/categories?post=2062"},{"taxonomy":"post_tag","embeddable":true,"href":"https:\/\/institutfrancais.ro\/cluj-napoca\/wp-json\/wp\/v2\/tags?post=2062"}],"curies":[{"name":"wp","href":"https:\/\/api.w.org\/{rel}","templated":true}]}}