{"id":3009,"date":"2021-11-08T15:56:14","date_gmt":"2021-11-08T13:56:14","guid":{"rendered":"https:\/\/institutfrancais.ro\/cluj-napoca\/?p=3009"},"modified":"2022-10-14T08:12:06","modified_gmt":"2022-10-14T06:12:06","slug":"tmf-ai-generated-art","status":"publish","type":"post","link":"https:\/\/institutfrancais.ro\/cluj-napoca\/tmf-ai-generated-art\/","title":{"rendered":"TMF AI Generated Art"},"content":{"rendered":"\n<p><strong>La Cave, 9\u201312 noiembrie, 10.00\u201317.00<\/strong><\/p>\n\n\n\n<figure class=\"wp-block-image size-large\"><img loading=\"lazy\" decoding=\"async\" width=\"1024\" height=\"576\" src=\"https:\/\/institutfrancais.ro\/cluj-napoca\/wp-content\/uploads\/sites\/3\/2021\/11\/TMF_2021_AI_Facebook_EventCover_1920x1080-1024x576.jpeg\" alt=\"\" class=\"wp-image-3015\" srcset=\"https:\/\/institutfrancais.ro\/cluj-napoca\/wp-content\/uploads\/sites\/3\/2021\/11\/TMF_2021_AI_Facebook_EventCover_1920x1080-1024x576.jpeg 1024w, https:\/\/institutfrancais.ro\/cluj-napoca\/wp-content\/uploads\/sites\/3\/2021\/11\/TMF_2021_AI_Facebook_EventCover_1920x1080-300x169.jpeg 300w, https:\/\/institutfrancais.ro\/cluj-napoca\/wp-content\/uploads\/sites\/3\/2021\/11\/TMF_2021_AI_Facebook_EventCover_1920x1080-768x432.jpeg 768w, https:\/\/institutfrancais.ro\/cluj-napoca\/wp-content\/uploads\/sites\/3\/2021\/11\/TMF_2021_AI_Facebook_EventCover_1920x1080-1536x864.jpeg 1536w, https:\/\/institutfrancais.ro\/cluj-napoca\/wp-content\/uploads\/sites\/3\/2021\/11\/TMF_2021_AI_Facebook_EventCover_1920x1080.jpeg 1920w\" sizes=\"auto, (max-width: 1024px) 100vw, 1024px\" \/><\/figure>\n\n\n\n<p>\u00cen cadrul Novembre num\u00e9rique, \u00een perioada 9\u201312 noiembrie, Transylvania Mountain Festival \u0219i Institutul Francez Cluj-Napoca invit\u0103 publicul la o experien\u021b\u0103 de art\u0103 creat\u0103 de inteligen\u021ba artificial\u0103, pe tema edi\u021biei festivalului: <strong>Deasupra v\u00e2rfurilor<\/strong>.<br>Ve\u021bi descoperi modul \u00een care software-ul AI folosit pentru aceast\u0103 galerie virtual\u0103 reu\u0219e\u0219te s\u0103 creeze \u00eentr-o manier\u0103 artistic\u0103 personaje reprezentative pentru sporturile montane \u0219i peisajele \u00een care acestea evolueaz\u0103.<\/p>\n\n\n\n<p><strong>TMF AI Generated Art<\/strong> este un proiect de explorare \u0219i inspira\u021bie pentru modurile \u00een care putem folosi tehnologiile AI.<\/p>\n","protected":false},"excerpt":{"rendered":"<p>Experien\u021b\u0103 de art\u0103 creat\u0103 de inteligen\u021ba artificial\u0103, pe tema Deasupra v\u00e2rfurilor<\/p>\n","protected":false},"author":8,"featured_media":3010,"comment_status":"open","ping_status":"open","sticky":false,"template":"","format":"standard","meta":{"footnotes":""},"categories":[118,20,19],"tags":[],"class_list":["post-3009","post","type-post","status-publish","format-standard","has-post-thumbnail","hentry","category-118","category-arhiva","category-la-cave"],"_links":{"self":[{"href":"https:\/\/institutfrancais.ro\/cluj-napoca\/wp-json\/wp\/v2\/posts\/3009","targetHints":{"allow":["GET"]}}],"collection":[{"href":"https:\/\/institutfrancais.ro\/cluj-napoca\/wp-json\/wp\/v2\/posts"}],"about":[{"href":"https:\/\/institutfrancais.ro\/cluj-napoca\/wp-json\/wp\/v2\/types\/post"}],"author":[{"embeddable":true,"href":"https:\/\/institutfrancais.ro\/cluj-napoca\/wp-json\/wp\/v2\/users\/8"}],"replies":[{"embeddable":true,"href":"https:\/\/institutfrancais.ro\/cluj-napoca\/wp-json\/wp\/v2\/comments?post=3009"}],"version-history":[{"count":3,"href":"https:\/\/institutfrancais.ro\/cluj-napoca\/wp-json\/wp\/v2\/posts\/3009\/revisions"}],"predecessor-version":[{"id":3022,"href":"https:\/\/institutfrancais.ro\/cluj-napoca\/wp-json\/wp\/v2\/posts\/3009\/revisions\/3022"}],"wp:featuredmedia":[{"embeddable":true,"href":"https:\/\/institutfrancais.ro\/cluj-napoca\/wp-json\/wp\/v2\/media\/3010"}],"wp:attachment":[{"href":"https:\/\/institutfrancais.ro\/cluj-napoca\/wp-json\/wp\/v2\/media?parent=3009"}],"wp:term":[{"taxonomy":"category","embeddable":true,"href":"https:\/\/institutfrancais.ro\/cluj-napoca\/wp-json\/wp\/v2\/categories?post=3009"},{"taxonomy":"post_tag","embeddable":true,"href":"https:\/\/institutfrancais.ro\/cluj-napoca\/wp-json\/wp\/v2\/tags?post=3009"}],"curies":[{"name":"wp","href":"https:\/\/api.w.org\/{rel}","templated":true}]}}