{"id":3686,"date":"2022-01-03T12:47:00","date_gmt":"2022-01-03T10:47:00","guid":{"rendered":"https:\/\/institutfrancais.ro\/cluj-napoca\/?p=3686"},"modified":"2022-10-14T08:12:37","modified_gmt":"2022-10-14T06:12:37","slug":"t3xt1l-2-0","status":"publish","type":"post","link":"https:\/\/institutfrancais.ro\/cluj-napoca\/t3xt1l-2-0\/","title":{"rendered":"T3XT1L 2.0"},"content":{"rendered":"\n<figure class=\"wp-block-image size-large\"><img loading=\"lazy\" decoding=\"async\" width=\"1024\" height=\"384\" src=\"https:\/\/institutfrancais.ro\/cluj-napoca\/wp-content\/uploads\/sites\/3\/2022\/02\/cave_48-t3xt1lv2-1024x384.jpg\" alt=\"\" class=\"wp-image-3687\" srcset=\"https:\/\/institutfrancais.ro\/cluj-napoca\/wp-content\/uploads\/sites\/3\/2022\/02\/cave_48-t3xt1lv2-1024x384.jpg 1024w, https:\/\/institutfrancais.ro\/cluj-napoca\/wp-content\/uploads\/sites\/3\/2022\/02\/cave_48-t3xt1lv2-300x113.jpg 300w, https:\/\/institutfrancais.ro\/cluj-napoca\/wp-content\/uploads\/sites\/3\/2022\/02\/cave_48-t3xt1lv2-768x288.jpg 768w, https:\/\/institutfrancais.ro\/cluj-napoca\/wp-content\/uploads\/sites\/3\/2022\/02\/cave_48-t3xt1lv2-1536x576.jpg 1536w, https:\/\/institutfrancais.ro\/cluj-napoca\/wp-content\/uploads\/sites\/3\/2022\/02\/cave_48-t3xt1lv2-2048x768.jpg 2048w\" sizes=\"auto, (max-width: 1024px) 100vw, 1024px\" \/><\/figure>\n\n\n\n<p><strong>3-18 martie 2022, La Cave<br>Str. I.I.C. Br\u0103tianu 22<br>Program de vizitare: luni &#8211; vineri, 10:00\u201317:00<\/strong><\/p>\n\n\n\n<p class=\"has-vivid-red-color has-text-color\"><sup><strong>Purtarea m\u0103\u0219tii de protec\u021bie \u0219i p\u0103strarea distan\u021bei de siguran\u021b\u0103 sanitar\u0103 sunt obligatorii pe toat\u0103 durata vizitei.<\/strong><\/sup><\/p>\n\n\n\n<p>\u00cen luna martie, luna francofoniei dar \u0219i a s\u0103rb\u0103torii m\u0103r\u021bi\u0219orului \u0219i a femeii, deschidem seria de proiecte La Cave 2022 cu o expozi\u021bie care aduce \u00een prim plan at\u00e2t femeile c\u00e2t \u0219i tehnicile tradi\u021bionale ale artelor textile.<\/p>\n\n\n\n<p>Lucr\u0103rile sunt realizate de studentele departamentului Arte textile-Design textil al Universit\u0103\u021bii de Art\u0103 \u0219i Design din Cluj-Napoca prin tehnici str\u0103vechi, precum \u021beserea, \u00eemp\u00e2slirea cu acul dar \u0219i prin tehnici mixte ale artelor textile, interpretate \u00een cheie contemporan\u0103, prin forme geometrice, florale sau abstracte \u0219i texturi juc\u0103u\u0219e.<\/p>\n\n\n\n<p>Artele textile sunt un mijloc ideal nu doar de conservare a tradi\u021biilor \u0219i me\u0219te\u0219ugurilor transmise din genera\u021bie \u00een genera\u021bie mai ales pe linie matern\u0103 ci \u0219i un mijloc de integrare a acestora \u00een via\u021ba omului modern. Prin art\u0103, tehnici str\u0103vechi precum cea a \u021beserii sau tehnica \u00eemp\u00e2slirii \u00ee\u0219i g\u0103sesc locul \u0219i aplicabilitatea at\u00e2t \u00een domeniul design-ului de interior, prin diverse obiecte destinate decor\u0103rii spa\u021biilor, c\u00e2t \u0219i \u00een domeniul design-ului vestimentar unde tehnicile tradi\u021bionale de prelucrare a fibrei \u0219i a firului textil pot fi folosite pentru crearea unor texturi inedite ce cresc valoarea obiectului vestimentar.<\/p>\n\n\n\n<p>Expun studen\u021bii Departamentului Arte textile-Design textil, nivel de studii Licen\u021b\u0103.<br>Cadre didactice coordonatoare: prof. univ. dr. Liliana Moraru, conf. univ. dr. Anca Pintilie, lect. univ. dr. Livia Petrescu, asist. univ. dr. Axenia Ro\u0219ca, asist. univ. drd. Andreea Holot\u0103, laborant univ. Vlad Bulg\u0103r.<\/p>\n","protected":false},"excerpt":{"rendered":"<p>3-18 martie 2022, La CaveStr. I.I.C. Br\u0103tianu 22Program de vizitare: luni &#8211; vineri, 10:00\u201317:00 Purtarea m\u0103\u0219tii de protec\u021bie \u0219i p\u0103strarea distan\u021bei de siguran\u021b\u0103 sanitar\u0103 sunt obligatorii pe toat\u0103 durata vizitei. \u00cen luna martie, luna francofoniei dar \u0219i a s\u0103rb\u0103torii m\u0103r\u021bi\u0219orului \u0219i a femeii, deschidem seria de proiecte La Cave 2022 cu o expozi\u021bie care aduce [&hellip;]<\/p>\n","protected":false},"author":8,"featured_media":3687,"comment_status":"open","ping_status":"open","sticky":false,"template":"","format":"standard","meta":{"footnotes":""},"categories":[117,20,19],"tags":[],"class_list":["post-3686","post","type-post","status-publish","format-standard","has-post-thumbnail","hentry","category-117","category-arhiva","category-la-cave"],"_links":{"self":[{"href":"https:\/\/institutfrancais.ro\/cluj-napoca\/wp-json\/wp\/v2\/posts\/3686","targetHints":{"allow":["GET"]}}],"collection":[{"href":"https:\/\/institutfrancais.ro\/cluj-napoca\/wp-json\/wp\/v2\/posts"}],"about":[{"href":"https:\/\/institutfrancais.ro\/cluj-napoca\/wp-json\/wp\/v2\/types\/post"}],"author":[{"embeddable":true,"href":"https:\/\/institutfrancais.ro\/cluj-napoca\/wp-json\/wp\/v2\/users\/8"}],"replies":[{"embeddable":true,"href":"https:\/\/institutfrancais.ro\/cluj-napoca\/wp-json\/wp\/v2\/comments?post=3686"}],"version-history":[{"count":3,"href":"https:\/\/institutfrancais.ro\/cluj-napoca\/wp-json\/wp\/v2\/posts\/3686\/revisions"}],"predecessor-version":[{"id":3699,"href":"https:\/\/institutfrancais.ro\/cluj-napoca\/wp-json\/wp\/v2\/posts\/3686\/revisions\/3699"}],"wp:featuredmedia":[{"embeddable":true,"href":"https:\/\/institutfrancais.ro\/cluj-napoca\/wp-json\/wp\/v2\/media\/3687"}],"wp:attachment":[{"href":"https:\/\/institutfrancais.ro\/cluj-napoca\/wp-json\/wp\/v2\/media?parent=3686"}],"wp:term":[{"taxonomy":"category","embeddable":true,"href":"https:\/\/institutfrancais.ro\/cluj-napoca\/wp-json\/wp\/v2\/categories?post=3686"},{"taxonomy":"post_tag","embeddable":true,"href":"https:\/\/institutfrancais.ro\/cluj-napoca\/wp-json\/wp\/v2\/tags?post=3686"}],"curies":[{"name":"wp","href":"https:\/\/api.w.org\/{rel}","templated":true}]}}