{"id":5215,"date":"2024-05-21T12:50:01","date_gmt":"2024-05-21T10:50:01","guid":{"rendered":"https:\/\/institutfrancais.ro\/cluj-napoca\/?p=5215"},"modified":"2025-12-15T11:55:45","modified_gmt":"2025-12-15T09:55:45","slug":"clubul-de-vacanta-de-vara-2","status":"publish","type":"post","link":"https:\/\/institutfrancais.ro\/cluj-napoca\/clubul-de-vacanta-de-vara-2\/","title":{"rendered":"Club de vacan\u021b\u0103"},"content":{"rendered":"\n<figure class=\"wp-block-image size-full\"><img loading=\"lazy\" decoding=\"async\" width=\"1771\" height=\"834\" src=\"https:\/\/institutfrancais.ro\/cluj-napoca\/wp-content\/uploads\/sites\/3\/2025\/12\/clubvac2025_7-12_generic.jpg\" alt=\"\" class=\"wp-image-9770\" srcset=\"https:\/\/institutfrancais.ro\/cluj-napoca\/wp-content\/uploads\/sites\/3\/2025\/12\/clubvac2025_7-12_generic.jpg 1771w, https:\/\/institutfrancais.ro\/cluj-napoca\/wp-content\/uploads\/sites\/3\/2025\/12\/clubvac2025_7-12_generic-600x283.jpg 600w, https:\/\/institutfrancais.ro\/cluj-napoca\/wp-content\/uploads\/sites\/3\/2025\/12\/clubvac2025_7-12_generic-1024x482.jpg 1024w, https:\/\/institutfrancais.ro\/cluj-napoca\/wp-content\/uploads\/sites\/3\/2025\/12\/clubvac2025_7-12_generic-768x362.jpg 768w, https:\/\/institutfrancais.ro\/cluj-napoca\/wp-content\/uploads\/sites\/3\/2025\/12\/clubvac2025_7-12_generic-1536x723.jpg 1536w\" sizes=\"auto, (max-width: 1771px) 100vw, 1771px\" \/><\/figure>\n\n\n\n<h2 class=\"wp-block-heading\"><strong>CLUBUL DE VACAN\u021a\u0102 DE VAR\u0102<\/strong><\/h2>\n\n\n\n<p>Organiz\u0103m&nbsp;<em>cluburi de o s\u0103pt\u0103m\u00e2n\u0103<\/em>&nbsp;unde copiii se distreaz\u0103 \u0219i \u00eenva\u021b\u0103 franceza prin activit\u0103\u021bi creative: jocuri de rol, proiecte artistice \u0219i povesti interactive. \u00centr-un mediu prietenos \u0219i motivant, le dezvolt\u0103m \u00eencrederea \u00een comunicare, \u00een timp ce exploreaz\u0103 cuvinte noi \u0219i structuri lingvistice adaptate v\u00e2rstei.<br><em>Activit\u0103\u021bile se desf\u0103\u0219oar\u0103 \u00een limbile rom\u00e2n\u0103 \u0219i francez\u0103 pentru a permite participarea tuturor copiilor, indiferent de nivelul ini\u021bial de francez\u0103.<br><\/em>Perfect pentru vacan\u021be pline de energie \u0219i \u00eenv\u0103\u021bare captivant\u0103!&nbsp;<\/p>\n\n\n<div class='kiosque-aec'><div\n data-module='classes'\n data-action='courses-selection-tiles'\n data-param-etablishment-branch-id='13'\n data-param-period-id='1401|1402'\n data-param-classification-id='3'\n data-param-subject-id='0'\n data-param-class-type-id='70'\n data-param-main-level=''\n data-param-levels-to-filter-by=''\n data-param-localization=''\n data-param-class-format-id=''\n data-param-show-filter-choices='1'\n data-param-lang='ro_RO'><\/div><\/div>\n\n\n\n<p><strong>Contact<br><\/strong><a href=\"mailto:secretariat.cluj@institutfrancais.ro\">secretariat.cluj@institutfrancais.ro<\/a> | 0264 598 551 <\/p>\n","protected":false},"excerpt":{"rendered":"<p>CLUBUL DE VACAN\u021a\u0102 DE VAR\u0102 Organiz\u0103m&nbsp;cluburi de o s\u0103pt\u0103m\u00e2n\u0103&nbsp;unde copiii se distreaz\u0103 \u0219i \u00eenva\u021b\u0103 franceza prin activit\u0103\u021bi creative: jocuri de rol, proiecte artistice \u0219i povesti interactive. \u00centr-un mediu prietenos \u0219i motivant, le dezvolt\u0103m \u00eencrederea \u00een comunicare, \u00een timp ce exploreaz\u0103 cuvinte noi \u0219i structuri lingvistice adaptate v\u00e2rstei.Activit\u0103\u021bile se desf\u0103\u0219oar\u0103 \u00een limbile rom\u00e2n\u0103 \u0219i francez\u0103 pentru [&hellip;]<\/p>\n","protected":false},"author":8,"featured_media":9770,"comment_status":"closed","ping_status":"closed","sticky":false,"template":"","format":"standard","meta":{"footnotes":""},"categories":[22,9,10],"tags":[],"class_list":["post-5215","post","type-post","status-publish","format-standard","has-post-thumbnail","hentry","category-copii-si-adolescenti","category-cursuri-si-examene","category-invata-franceza"],"_links":{"self":[{"href":"https:\/\/institutfrancais.ro\/cluj-napoca\/wp-json\/wp\/v2\/posts\/5215","targetHints":{"allow":["GET"]}}],"collection":[{"href":"https:\/\/institutfrancais.ro\/cluj-napoca\/wp-json\/wp\/v2\/posts"}],"about":[{"href":"https:\/\/institutfrancais.ro\/cluj-napoca\/wp-json\/wp\/v2\/types\/post"}],"author":[{"embeddable":true,"href":"https:\/\/institutfrancais.ro\/cluj-napoca\/wp-json\/wp\/v2\/users\/8"}],"replies":[{"embeddable":true,"href":"https:\/\/institutfrancais.ro\/cluj-napoca\/wp-json\/wp\/v2\/comments?post=5215"}],"version-history":[{"count":51,"href":"https:\/\/institutfrancais.ro\/cluj-napoca\/wp-json\/wp\/v2\/posts\/5215\/revisions"}],"predecessor-version":[{"id":9771,"href":"https:\/\/institutfrancais.ro\/cluj-napoca\/wp-json\/wp\/v2\/posts\/5215\/revisions\/9771"}],"wp:featuredmedia":[{"embeddable":true,"href":"https:\/\/institutfrancais.ro\/cluj-napoca\/wp-json\/wp\/v2\/media\/9770"}],"wp:attachment":[{"href":"https:\/\/institutfrancais.ro\/cluj-napoca\/wp-json\/wp\/v2\/media?parent=5215"}],"wp:term":[{"taxonomy":"category","embeddable":true,"href":"https:\/\/institutfrancais.ro\/cluj-napoca\/wp-json\/wp\/v2\/categories?post=5215"},{"taxonomy":"post_tag","embeddable":true,"href":"https:\/\/institutfrancais.ro\/cluj-napoca\/wp-json\/wp\/v2\/tags?post=5215"}],"curies":[{"name":"wp","href":"https:\/\/api.w.org\/{rel}","templated":true}]}}