{"id":7056,"date":"2023-09-27T11:51:21","date_gmt":"2023-09-27T09:51:21","guid":{"rendered":"https:\/\/institutfrancais.ro\/cluj-napoca\/?p=7056"},"modified":"2023-10-02T13:23:17","modified_gmt":"2023-10-02T11:23:17","slug":"4-octombrie-2023-ziua-portilor-deschise-la-institutul-francez-din-cluj-napoca","status":"publish","type":"post","link":"https:\/\/institutfrancais.ro\/cluj-napoca\/4-octombrie-2023-ziua-portilor-deschise-la-institutul-francez-din-cluj-napoca\/","title":{"rendered":"4 octombrie 2023\u00a0&#8211; ZIUA POR\u021aILOR DESCHISE la Institutul Francez din Cluj-Napoca"},"content":{"rendered":"\n<figure class=\"wp-block-image size-large\"><img loading=\"lazy\" decoding=\"async\" width=\"1024\" height=\"482\" src=\"https:\/\/institutfrancais.ro\/cluj-napoca\/wp-content\/uploads\/sites\/3\/2023\/09\/site_JPO2023-1024x482.jpg\" alt=\"\" class=\"wp-image-7057\" srcset=\"https:\/\/institutfrancais.ro\/cluj-napoca\/wp-content\/uploads\/sites\/3\/2023\/09\/site_JPO2023-1024x482.jpg 1024w, https:\/\/institutfrancais.ro\/cluj-napoca\/wp-content\/uploads\/sites\/3\/2023\/09\/site_JPO2023-300x141.jpg 300w, https:\/\/institutfrancais.ro\/cluj-napoca\/wp-content\/uploads\/sites\/3\/2023\/09\/site_JPO2023-768x362.jpg 768w, https:\/\/institutfrancais.ro\/cluj-napoca\/wp-content\/uploads\/sites\/3\/2023\/09\/site_JPO2023-1536x723.jpg 1536w, https:\/\/institutfrancais.ro\/cluj-napoca\/wp-content\/uploads\/sites\/3\/2023\/09\/site_JPO2023.jpg 1771w\" sizes=\"auto, (max-width: 1024px) 100vw, 1024px\" \/><\/figure>\n\n\n\n<h3 class=\"has-vivid-cyan-blue-color has-text-color wp-block-heading\"><em>Franceza se \u00eenva\u021b\u0103 cu inima!<\/em><\/h3>\n\n\n\n<p>Institutul Francez din Rom\u00e2nia la Cluj-Napoca organizeaz\u0103 o Zi a Por\u021bilor Deschise miercuri, 4 octombrie. Aceast\u0103 zi special\u0103 este ocazia de a descoperi spa\u021biile noastre, de a testa <strong>cursurile de francez\u0103<\/strong> pentru adolescen\u021bi sau adul\u021bi, de a afla mai multe despre <strong>oportunit\u0103\u021bile de studiu<\/strong> <strong>\u0219i finan\u021bare<\/strong> \u00een Fran\u021ba \u0219i de a schimba c\u00e2teva cuvinte \u00een limba francez\u0103.&nbsp;<\/p>\n\n\n\n<p>Studen\u021bii francezi proasp\u0103t ajun\u0219i la Cluj sunt \u0219i ei invita\u021bi s\u0103 \u00eencerce <strong>cursurile de limba rom\u00e2n\u0103<\/strong> propuse de Institutul Francez, pentru o integrare c\u00e2t mai rapid\u0103 \u0219i pl\u0103cut\u0103 \u00een via\u021ba ora\u0219ului.&nbsp;<\/p>\n\n\n\n<p>\u0218i pentru c\u0103 iubirea pentru limba francez\u0103 trece \u0219i prin stomac, v\u0103 \u00eent\u00e2mpin\u0103m cu tradi\u021bionale croissante fran\u021buze\u0219ti, oferite de partenerii no\u0219tri de la Cora.&nbsp;<\/p>\n\n\n\n<p>Mediateca <em>Ioana Costa\u0219<\/em> a Institutului Francez a\u0219teapt\u0103 copiii \u00eentre 2 \u0219i 3 ani la un<strong> atelier distractiv&nbsp; \u0219i interactiv<\/strong> \u00een care vor descoperi magia c\u0103r\u021bilor. Cu ocazia Zilei Por\u021bilor Deschise, beneficia\u021bi de <strong>pre\u021buri promo\u021bionale<\/strong> la abonamentul anual la mediatec\u0103&nbsp;: 60 de lei pentru adul\u021bi \u0219i 40 de lei pentru copii, studen\u021bi, profesori de francez\u0103 sau pensionari. Abonamentul include \u0219i acces la platforma digital\u0103 de limb\u0103 francez\u0103 Culturetheque.com.&nbsp;<\/p>\n\n\n\n<p>Pe tot parcursul Zilei Por\u021bilor Deschise ve\u021bi putea urm\u0103ri o selec\u021bie a celor mai bune <strong>scurt metraje<\/strong> din Festivalul Tr\u00e8s Court 2023 \u0219i vizita expozi\u021bia de pictur\u0103 a artistei Simona Tudose, prezentat\u0103 \u00een La Cave \u2013 spa\u021biul de expresie contemporan\u0103 al Institutului Francez din Cluj-Napoca. \u00cen tonuri neon, lucr\u0103rile Simonei Tudose vorbesc despre deformarea conceptului de iubire \u0219i instrumentalizarea sa \u00een social media. Artista va fi prezent\u0103 miercuri pentru a v\u0103 ghida prin expozi\u021bie \u00eentre orele 17 \u0219i 18.<\/p>\n\n\n\n<p class=\"has-background\" style=\"background-color:#ffc972\"><strong>Participarea la toate activit\u0103\u021bile zilei este gratuit\u0103. Pentru ateliere, av\u00e2nd \u00een vedere locurile limitate, este necesar\u0103 \u00eenscrierea prealabil\u0103.<\/strong><\/p>\n\n\n<h4 class=\"has-background\" style=\"background-color: #ebebeb\">Program<\/h4>\n<table border=\"0\" width=\"800px\" cellspacing=\"10px\" cellpadding=\"10px\">\n<tbody>\n<tr valign=\"middle\" bgcolor=\"#FFFFFF\">\n<td width=\"30%\">14.00 \u2013 16.00<br>mediatec\u0103<\/td>\n<td width=\"70%\">Rendez-vous lingvistic cu Ulysse&nbsp;<\/td>\n<\/tr>\n<tr valign=\"middle\" bgcolor=\"#EBEBEB\">\n<td>15.00 \u2013 15.45<br>mediatec\u0103<\/td>\n<td>Campus France: prezentarea oportunit\u0103\u021bilor de studii \u0219i finan\u021bare \u00een Fran\u021ba<br>+ \u00eentreb\u0103ri \u0219i r\u0103spunsuri cu Andreea Palcu,<br>responsabil Campus France Rom\u00e2nia&nbsp;<\/td>\n<\/tr>\n<tr valign=\"middle\" bgcolor=\"#FFFFFF\">\n<td>16.00 \u2013 16.30<br>cl\u0103direa de cursuri<\/td>\n<td>Curs demonstrativ de francez\u0103 pentru adolescen\u021bi&nbsp;<\/td>\n<\/tr>\n<tr valign=\"middle\" bgcolor=\"#EBEBEB\">\n<td>17.00 &#8211; 17.30<br>mediatec\u0103<\/td>\n<td>Atelier <em>Un, deux, trois<\/em> (2-3 ani) cu Sol\u00e8ne<br>Rezerv\u0103 un loc la tel. 0748 117 939<br><a href=\"mailto:mediatheque.cluj@institutfrancais.ro\">mediatheque.cluj@institutfrancais.ro<\/a>&nbsp;<\/td>\n<\/tr>\n<tr valign=\"middle\" bgcolor=\"#FFFFFF\">\n<td>17.00 \u2013 17.30<br>cl\u0103direa de cursuri<\/td>\n<td>Curs demonstrativ de limba rom\u00e2n\u0103 pentru str\u0103ini<\/td>\n<\/tr>\n<tr valign=\"middle\" bgcolor=\"#EBEBEB\">\n<td>17.00\u2013 17.30<br>mediatec\u0103<\/td>\n<td>Prezentarea certific\u0103rilor lingvistice pentru limba francez\u0103<\/td>\n<\/tr>\n<tr valign=\"middle\" bgcolor=\"#FFFFFF\">\n<td>17.00 \u2013 18.00<br>La Cave<\/td>\n<td>Vizit\u0103 ghidat\u0103 \u00een expozi\u021bia<br><em>In This Embrace of Yours, I\u2019ll Only <\/em><em>Find the Unwillingness to Hear<\/em><br>al\u0103turi de artista Simona Tudose<\/td>\n<\/tr>\n<tr valign=\"middle\" bgcolor=\"#EBEBEB\">\n<td>17.45 \u2013 18.15<br>cl\u0103direa de cursuri<\/td>\n<td>Curs demonstrativ de francez\u0103 pentru adul\u021bi<\/td>\n<\/tr>\n<\/tbody>\n<\/table>","protected":false},"excerpt":{"rendered":"<p>Aceast\u0103 zi special\u0103 este ocazia de a descoperi spa\u021biile noastre, de a testa cursurile de francez\u0103 pentru adolescen\u021bi sau adul\u021bi, de a afla mai multe despre oportunit\u0103\u021bile \u0219i bursele de studiu \u00een Fran\u021ba \u0219i de a schimba c\u00e2teva cuvinte \u00een limba francez\u0103.\u00a0<\/p>\n","protected":false},"author":8,"featured_media":7057,"comment_status":"open","ping_status":"open","sticky":false,"template":"","format":"standard","meta":{"footnotes":""},"categories":[31,32],"tags":[],"class_list":["post-7056","post","type-post","status-publish","format-standard","has-post-thumbnail","hentry","category-cultura","category-evenimente"],"_links":{"self":[{"href":"https:\/\/institutfrancais.ro\/cluj-napoca\/wp-json\/wp\/v2\/posts\/7056","targetHints":{"allow":["GET"]}}],"collection":[{"href":"https:\/\/institutfrancais.ro\/cluj-napoca\/wp-json\/wp\/v2\/posts"}],"about":[{"href":"https:\/\/institutfrancais.ro\/cluj-napoca\/wp-json\/wp\/v2\/types\/post"}],"author":[{"embeddable":true,"href":"https:\/\/institutfrancais.ro\/cluj-napoca\/wp-json\/wp\/v2\/users\/8"}],"replies":[{"embeddable":true,"href":"https:\/\/institutfrancais.ro\/cluj-napoca\/wp-json\/wp\/v2\/comments?post=7056"}],"version-history":[{"count":9,"href":"https:\/\/institutfrancais.ro\/cluj-napoca\/wp-json\/wp\/v2\/posts\/7056\/revisions"}],"predecessor-version":[{"id":7122,"href":"https:\/\/institutfrancais.ro\/cluj-napoca\/wp-json\/wp\/v2\/posts\/7056\/revisions\/7122"}],"wp:featuredmedia":[{"embeddable":true,"href":"https:\/\/institutfrancais.ro\/cluj-napoca\/wp-json\/wp\/v2\/media\/7057"}],"wp:attachment":[{"href":"https:\/\/institutfrancais.ro\/cluj-napoca\/wp-json\/wp\/v2\/media?parent=7056"}],"wp:term":[{"taxonomy":"category","embeddable":true,"href":"https:\/\/institutfrancais.ro\/cluj-napoca\/wp-json\/wp\/v2\/categories?post=7056"},{"taxonomy":"post_tag","embeddable":true,"href":"https:\/\/institutfrancais.ro\/cluj-napoca\/wp-json\/wp\/v2\/tags?post=7056"}],"curies":[{"name":"wp","href":"https:\/\/api.w.org\/{rel}","templated":true}]}}