{"id":7794,"date":"2024-02-20T09:08:33","date_gmt":"2024-02-20T07:08:33","guid":{"rendered":"https:\/\/institutfrancais.ro\/cluj-napoca\/?p=7794"},"modified":"2025-02-12T11:46:41","modified_gmt":"2025-02-12T09:46:41","slug":"spectre-of-a-mountain","status":"publish","type":"post","link":"https:\/\/institutfrancais.ro\/cluj-napoca\/spectre-of-a-mountain\/","title":{"rendered":"Spectre of a Mountain"},"content":{"rendered":"\n<h4 class=\"wp-block-heading has-vivid-cyan-blue-color has-text-color has-link-color wp-elements-c6ad9d79af5db0bbc7658116d6648b63\">Gabriela Olosutean<\/h4>\n\n\n\n<figure class=\"wp-block-image\"><img loading=\"lazy\" decoding=\"async\" width=\"1024\" height=\"511\" src=\"https:\/\/institutfrancais.ro\/cluj-napoca\/wp-content\/uploads\/sites\/3\/2024\/01\/olosutean-1024x511.jpg\" alt=\"\" class=\"wp-image-7578\" srcset=\"https:\/\/institutfrancais.ro\/cluj-napoca\/wp-content\/uploads\/sites\/3\/2024\/01\/olosutean-1024x511.jpg 1024w, https:\/\/institutfrancais.ro\/cluj-napoca\/wp-content\/uploads\/sites\/3\/2024\/01\/olosutean-300x150.jpg 300w, https:\/\/institutfrancais.ro\/cluj-napoca\/wp-content\/uploads\/sites\/3\/2024\/01\/olosutean-768x383.jpg 768w, https:\/\/institutfrancais.ro\/cluj-napoca\/wp-content\/uploads\/sites\/3\/2024\/01\/olosutean-1536x766.jpg 1536w, https:\/\/institutfrancais.ro\/cluj-napoca\/wp-content\/uploads\/sites\/3\/2024\/01\/olosutean.jpg 1771w\" sizes=\"auto, (max-width: 1024px) 100vw, 1024px\" \/><\/figure>\n\n\n\n<p><strong>La Cave | 1 februarie \u2013 1 martie 2024 | Vernisaj: 1 februarie, 18:00<\/strong><br><strong>Program de vizitare: luni\u2013vineri, 10:00\u201317:00<\/strong><\/p>\n\n\n\n<p>Curator:&nbsp;<strong>Xenia Tinca<\/strong><\/p>\n\n\n\n<p><em>Imaginile ne sunt surs\u0103 de fascina\u021bie, arm\u0103tur\u0103 a memoriei \u0219i elemente de structur\u0103 ale identit\u0103\u021bii, de multe ori ac\u021bion\u00e2nd la un nivel perceptiv \u0219i psihologic incon\u0219tient sau semi-con\u0219tientizat. Puterea imaginilor de a ac\u021biona asupra noastr\u0103 se exercit\u0103 chiar dac\u0103 le observ\u0103m cu inten\u021bie \u0219i aten\u021bie sau nu, dac\u0103 trecem pe l\u00e2ng\u0103 ele indiferen\u021bi sau dac\u0103 le l\u0103s\u0103m asumat s\u0103 ne provoace reac\u021bii emo\u021bionale, g\u00e2nduri, trasee de idei care pot ajunge s\u0103 ne construiasc\u0103 sau s\u0103 dea relief valorilor care ne orienteaz\u0103 existen\u021ba.<br>Fascinat\u0103 de lumea \u0219i de vitalitatea imaginilor Gabi Olosutean alege s\u0103 se concentreze \u00een lucr\u0103rile sale concomitent precise \u0219i u\u0219or misterioase pe capacitatea detaliului de a genera semnifica\u021bie simbolic\u0103. Fragmentul, detaliul \u0219i suprapunerea definesc imaginile create \u00een tehnici de gravur\u0103 de c\u0103tre artist\u0103, care rea\u0219az\u0103 elemente banale ale realit\u0103\u021bii vizuale \u00een compozi\u021bii cu alur\u0103 liric\u0103 \u0219i atmosfer\u0103 re\u021binut suprarealist\u0103. Gravurile sale pot fi percepute deopotriv\u0103 ca un fel de reprezentare a unei arhive de felul cabinetului de curiozit\u0103\u021bi sau ca inventar de simboluri flexibile, deschise amplu spre interpretarea personal\u0103 a privitorului.<\/em><br>Xenia Tinca<\/p>\n\n\n<table border=\"0\" width=\"900px\">\n<tbody>\n<tr valign=\"top\">\n<td width=\"500px\"><img decoding=\"async\" style=\"width: 500px\" src=\"https:\/\/institutfrancais.ro\/cluj-napoca\/wp-content\/uploads\/sites\/3\/2024\/01\/golosutean.jpg\" alt=\"\" \/><\/td>\n<td width=\"40px\">\u00a0\u00a0<\/td>\n<td width=\"360px\"><strong>Gabriela Olosutean <\/strong>este absolvent\u0103 a sec\u021biei de grafic\u0103 de la Universitatea de Art\u0103 \u015fi Design din Cluj-Napoca. A participat la c\u00e2teva expozi\u021bii de grup, iar \u00een 2023 a avut prima expozi\u021bie personal\u0103 \u00een cadrul concursului <em>Expo-Maraton<\/em>. Folosindu-se de tehnici de multiplicare, ea dore\u015fte ca lucr\u0103rile ei s\u0103 inspire o atmosfer\u0103 meditativ\u0103, lent\u0103, \u00een care privitorul s\u0103 se simt\u0103 \u00eendemnat s\u0103 fie atent la detalii.<\/td>\n<\/tr>\n<\/tbody>\n<\/table>","protected":false},"excerpt":{"rendered":"<p>Gabriela Olosutean La Cave | 1 februarie \u2013 1 martie 2024 | Vernisaj: 1 februarie, 18:00Program de vizitare: luni\u2013vineri, 10:00\u201317:00 Curator:&nbsp;Xenia Tinca Imaginile ne sunt surs\u0103 de fascina\u021bie, arm\u0103tur\u0103 a memoriei \u0219i elemente de structur\u0103 ale identit\u0103\u021bii, de multe ori ac\u021bion\u00e2nd la un nivel perceptiv \u0219i psihologic incon\u0219tient sau semi-con\u0219tientizat. Puterea imaginilor de a ac\u021biona [&hellip;]<\/p>\n","protected":false},"author":8,"featured_media":7578,"comment_status":"open","ping_status":"open","sticky":false,"template":"","format":"standard","meta":{"footnotes":""},"categories":[162,19],"tags":[],"class_list":["post-7794","post","type-post","status-publish","format-standard","has-post-thumbnail","hentry","category-162","category-la-cave"],"_links":{"self":[{"href":"https:\/\/institutfrancais.ro\/cluj-napoca\/wp-json\/wp\/v2\/posts\/7794","targetHints":{"allow":["GET"]}}],"collection":[{"href":"https:\/\/institutfrancais.ro\/cluj-napoca\/wp-json\/wp\/v2\/posts"}],"about":[{"href":"https:\/\/institutfrancais.ro\/cluj-napoca\/wp-json\/wp\/v2\/types\/post"}],"author":[{"embeddable":true,"href":"https:\/\/institutfrancais.ro\/cluj-napoca\/wp-json\/wp\/v2\/users\/8"}],"replies":[{"embeddable":true,"href":"https:\/\/institutfrancais.ro\/cluj-napoca\/wp-json\/wp\/v2\/comments?post=7794"}],"version-history":[{"count":1,"href":"https:\/\/institutfrancais.ro\/cluj-napoca\/wp-json\/wp\/v2\/posts\/7794\/revisions"}],"predecessor-version":[{"id":7796,"href":"https:\/\/institutfrancais.ro\/cluj-napoca\/wp-json\/wp\/v2\/posts\/7794\/revisions\/7796"}],"wp:featuredmedia":[{"embeddable":true,"href":"https:\/\/institutfrancais.ro\/cluj-napoca\/wp-json\/wp\/v2\/media\/7578"}],"wp:attachment":[{"href":"https:\/\/institutfrancais.ro\/cluj-napoca\/wp-json\/wp\/v2\/media?parent=7794"}],"wp:term":[{"taxonomy":"category","embeddable":true,"href":"https:\/\/institutfrancais.ro\/cluj-napoca\/wp-json\/wp\/v2\/categories?post=7794"},{"taxonomy":"post_tag","embeddable":true,"href":"https:\/\/institutfrancais.ro\/cluj-napoca\/wp-json\/wp\/v2\/tags?post=7794"}],"curies":[{"name":"wp","href":"https:\/\/api.w.org\/{rel}","templated":true}]}}