{"id":9482,"date":"2025-09-04T15:24:52","date_gmt":"2025-09-04T13:24:52","guid":{"rendered":"https:\/\/institutfrancais.ro\/cluj-napoca\/?p=9482"},"modified":"2025-09-05T08:23:28","modified_gmt":"2025-09-05T06:23:28","slug":"alexandra-mocan","status":"publish","type":"post","link":"https:\/\/institutfrancais.ro\/cluj-napoca\/alexandra-mocan\/","title":{"rendered":"Alexandra Mocan"},"content":{"rendered":"\n<h3 class=\"wp-block-heading has-vivid-cyan-blue-color has-text-color has-link-color wp-elements-b68d6243a681a4634c5de2480de8352d\">Alexandra Mocan este noua curatoare a expozi\u021biilor din galeria La Cave a Institutului Francez, care vor avea loc \u00eentre octombrie 2025 \u0219i ianuarie 2026!<\/h3>\n\n\n\n<p>Proiectul s\u0103u curatorial, intitulat <strong>Narrowing Down <\/strong>se va derula prin parcurgerea a trei expozi\u021bii, urm\u0103rind trecerea gradual\u0103 a vie\u021bii. Prima expozi\u021bie exploreaz\u0103 conceptele de \u201dacas\u0103\u201d \u0219i identitate, examin\u00e2nd nostalgia, mecanismele formative \u0219i modul \u00een care ereditatea ne modeleaz\u0103. A doua expozi\u021bie abordeaz\u0103 maturitatea, munca \u0219i presiunile care comprim\u0103 individul \u00een expectan\u021be sociale. Ultima expozi\u021bie se \u00eendreapt\u0103 spre interior, explor\u00e2nd elementarul prin intermediul materiei &#8211; dintr-o perspectiv\u0103 aproape psihanalitic\u0103-, culmin\u00e2nd prin imbr\u0103\u021bi\u0219area eroziunii \u0219i a reinvent\u0103rii.<\/p>\n\n\n\n<figure class=\"wp-block-image size-large\"><img loading=\"lazy\" decoding=\"async\" width=\"1024\" height=\"683\" src=\"https:\/\/institutfrancais.ro\/cluj-napoca\/wp-content\/uploads\/sites\/3\/2025\/09\/amocan-1024x683.jpg\" alt=\"\" class=\"wp-image-9483\" srcset=\"https:\/\/institutfrancais.ro\/cluj-napoca\/wp-content\/uploads\/sites\/3\/2025\/09\/amocan-1024x683.jpg 1024w, https:\/\/institutfrancais.ro\/cluj-napoca\/wp-content\/uploads\/sites\/3\/2025\/09\/amocan-600x400.jpg 600w, https:\/\/institutfrancais.ro\/cluj-napoca\/wp-content\/uploads\/sites\/3\/2025\/09\/amocan-768x512.jpg 768w, https:\/\/institutfrancais.ro\/cluj-napoca\/wp-content\/uploads\/sites\/3\/2025\/09\/amocan.jpg 1200w\" sizes=\"auto, (max-width: 1024px) 100vw, 1024px\" \/><\/figure>\n\n\n\n<p>Foto: Cezar C\u00eempeanu, 2022<\/p>\n\n\n\n<p class=\"has-background\" style=\"background-color:#ecc3c3\"><strong>Alexandra Mocan<\/strong> (n. 1991, Cluj-Napoca \u2013 tr\u0103ie\u0219te \u0219i lucreaz\u0103 aici) este artist\u0103 vizual\u0103, curatoare \u0219i co-fondatoare al MATCA artspace, un spa\u021biu artist-run ini\u021biat \u00een 2017.\u00a0<br>Este interesat\u0103 de rela\u021bia dintre art\u0103 \u0219i spa\u021biile \u00een care aceasta se desf\u0103\u0219oar\u0103, cu accent pe scena emergent\u0103, provoc\u0103rile cu care se confrunt\u0103 arti\u0219tii \u00een sus\u021binerea profesiei lor \u0219i modalit\u0103\u021bile prin care activitatea cultural\u0103 este identificat\u0103 \u0219i valorizat\u0103. Este atras\u0103 \u00een mod special de exemple de rezilien\u021b\u0103 \u00een practicile artistice \u0219i culturale.\u00a0<br>Este una dintre ini\u021biatoarele \u0219i co-curatoarele Rubik, un proiect care ofer\u0103 spa\u021biu ini\u021biativelor afectate de expansiunea pie\u021bei imobiliare, \u0219i a lansat recent Reziden\u021be \u00een mi\u0219care, o platform\u0103 care ofer\u0103 oportunit\u0103\u021bi de cercetare \u0219i mobilitate pentru arti\u0219tii rom\u00e2ni \u00een afara \u021b\u0103rii. Este, de asemenea, ini\u021biatoarea \u0219i curatoarea FORWARD \u2013 un program de reziden\u021b\u0103 dedicat curatorilor emergen\u021bi, un proiect \u00een curs de desf\u0103\u0219urare \u00eenceput \u00een acest an. <br>Pe l\u00e2ng\u0103 MATCA, a curatoriat expozi\u021bii \u00een diverse loca\u021bii, printre care Malmaison \/ L1, Cazul 101, \u021aOL, Heerz Tooya, NEW NOW, Funnel Contemporary, Aether artspace, Contemporar, Muzeul de Art\u0103 Cluj-Napoca.<\/p>\n","protected":false},"excerpt":{"rendered":"<p>Alexandra Mocan este noua curatoare a expozi\u021biilor din galeria La Cave a Institutului Francez, care vor avea loc \u00eentre octombrie 2025 \u0219i ianuarie 2026! Proiectul s\u0103u curatorial, intitulat Narrowing Down se va derula prin parcurgerea a trei expozi\u021bii, urm\u0103rind trecerea gradual\u0103 a vie\u021bii. Prima expozi\u021bie exploreaz\u0103 conceptele de \u201dacas\u0103\u201d \u0219i identitate, examin\u00e2nd nostalgia, mecanismele formative [&hellip;]<\/p>\n","protected":false},"author":8,"featured_media":9483,"comment_status":"open","ping_status":"open","sticky":false,"template":"","format":"standard","meta":{"footnotes":""},"categories":[19],"tags":[],"class_list":["post-9482","post","type-post","status-publish","format-standard","has-post-thumbnail","hentry","category-la-cave"],"_links":{"self":[{"href":"https:\/\/institutfrancais.ro\/cluj-napoca\/wp-json\/wp\/v2\/posts\/9482","targetHints":{"allow":["GET"]}}],"collection":[{"href":"https:\/\/institutfrancais.ro\/cluj-napoca\/wp-json\/wp\/v2\/posts"}],"about":[{"href":"https:\/\/institutfrancais.ro\/cluj-napoca\/wp-json\/wp\/v2\/types\/post"}],"author":[{"embeddable":true,"href":"https:\/\/institutfrancais.ro\/cluj-napoca\/wp-json\/wp\/v2\/users\/8"}],"replies":[{"embeddable":true,"href":"https:\/\/institutfrancais.ro\/cluj-napoca\/wp-json\/wp\/v2\/comments?post=9482"}],"version-history":[{"count":2,"href":"https:\/\/institutfrancais.ro\/cluj-napoca\/wp-json\/wp\/v2\/posts\/9482\/revisions"}],"predecessor-version":[{"id":9490,"href":"https:\/\/institutfrancais.ro\/cluj-napoca\/wp-json\/wp\/v2\/posts\/9482\/revisions\/9490"}],"wp:featuredmedia":[{"embeddable":true,"href":"https:\/\/institutfrancais.ro\/cluj-napoca\/wp-json\/wp\/v2\/media\/9483"}],"wp:attachment":[{"href":"https:\/\/institutfrancais.ro\/cluj-napoca\/wp-json\/wp\/v2\/media?parent=9482"}],"wp:term":[{"taxonomy":"category","embeddable":true,"href":"https:\/\/institutfrancais.ro\/cluj-napoca\/wp-json\/wp\/v2\/categories?post=9482"},{"taxonomy":"post_tag","embeddable":true,"href":"https:\/\/institutfrancais.ro\/cluj-napoca\/wp-json\/wp\/v2\/tags?post=9482"}],"curies":[{"name":"wp","href":"https:\/\/api.w.org\/{rel}","templated":true}]}}