{"id":9792,"date":"2026-01-16T10:21:00","date_gmt":"2026-01-16T08:21:00","guid":{"rendered":"https:\/\/institutfrancais.ro\/cluj-napoca\/?p=9792"},"modified":"2026-02-02T09:02:26","modified_gmt":"2026-02-02T07:02:26","slug":"gabriela-moldovan","status":"publish","type":"post","link":"https:\/\/institutfrancais.ro\/cluj-napoca\/gabriela-moldovan\/","title":{"rendered":"Gabriela Moldovan"},"content":{"rendered":"\n<h3 class=\"wp-block-heading\"><strong>Gabriela Moldovan este noua curatoare a expozi\u021biilor din La Cave, spa\u021biul de expresie contemporan\u0103 al Institutului Francez din Cluj.<br>Ea va coordona trei expozi\u021bii \u00een perioada februarie \u2013 iunie 2026.<\/strong><\/h3>\n\n\n\n<figure class=\"wp-block-image size-full\"><img loading=\"lazy\" decoding=\"async\" width=\"380\" height=\"10\" src=\"https:\/\/institutfrancais.ro\/cluj-napoca\/wp-content\/uploads\/sites\/3\/2024\/06\/bandeaublanc380x10px.jpg\" alt=\"\" class=\"wp-image-8221\"\/><\/figure>\n\n\n<table border=\"0\" width=\"950px\" cellspacing=\"6\" cellpadding=\"6\" align=\"left\">\n<tbody>\n<tr valign=\"top\">\n<td width=\"338px\">\n<p style=\"margin-right: 50px; line-height: 26px;\"><strong><em>Gabriela Moldovan<\/em><\/strong> (n. 2000, Satu Mare), tr\u0103ie\u0219te \u0219i lucreaz\u0103 \u00een Cluj-Napoca, este curator independent cu o practic\u0103 interdisciplinar\u0103, la intersec\u021bia dintre art\u0103, scenografie \u0219i cinematografie. Este interesat\u0103 de crearea de medii imersive \u0219i participative, \u00een care spa\u021biul expozi\u021bional devine o scen\u0103 vie, un cadru fluid care ghideaz\u0103 vizitatorii printr-o poveste coerent\u0103 \u0219i reflexiv\u0103. Practica sa curatorial\u0103 este animat\u0103 de o preocupare vie pentru modul \u00een care spa\u021biul, obiectele \u0219i tehnologiile vizuale pot modela percep\u021bia \u0219i implicarea publicului \u00een raport cu arta contemporan\u0103. Gabriela consider\u0103 spa\u021biul nu doar un loc de expunere, ci un element activ al discursului artistic, capabil s\u0103 genereze emo\u021bii \u0219i conexiuni autentice \u00eentre public \u0219i oper\u0103.<\/p>\n<\/td>\n<td width=\"512px\"><img decoding=\"async\" src=\"https:\/\/institutfrancais.ro\/cluj-napoca\/wp-content\/uploads\/sites\/3\/2024\/06\/bandeaublanc380x10px.jpg\" \/><br><img decoding=\"async\" class=\"wp-image-9797\" style=\"width: 500px;\" src=\"https:\/\/institutfrancais.ro\/cluj-napoca\/wp-content\/uploads\/sites\/3\/2026\/01\/gmoldovan2.jpg\" \/><\/td>\n<td width=\"100px\"><img decoding=\"async\" src=\"https:\/\/institutfrancais.ro\/cluj-napoca\/wp-content\/uploads\/sites\/3\/2022\/09\/bandeaublanc10px.jpg\" width=\"100px\" \/><\/td>\n<\/tr>\n<\/tbody>\n<\/table>\n\n\n<p><\/p>\n\n\n\n<figure class=\"wp-block-image size-full\"><img loading=\"lazy\" decoding=\"async\" width=\"380\" height=\"10\" src=\"https:\/\/institutfrancais.ro\/cluj-napoca\/wp-content\/uploads\/sites\/3\/2024\/06\/bandeaublanc380x10px.jpg\" alt=\"\" class=\"wp-image-8221\"\/><\/figure>\n\n\n<p>Proiectul curatorial preg\u0103tit de Gabriela Moldovan pentru La Cave,<em> The Resonance of the Present Self<\/em> este o explorare a modului \u00een care sinele nostru prezent interac\u021bioneaz\u0103 cu lumea mediat\u0103, cu tehnologia \u0219i cu propria percep\u021bie. \u00centr-o societate \u00een care timpul petrecut conectat la ecrane ajunge la 6\u20138 ore pe zi, feed-urile \u0219i notific\u0103rile ne \u00eenconjoar\u0103 constant, oferindu-ne senza\u021bia de leg\u0103tur\u0103, dar adesea l\u0103s\u00e2ndu-ne cu o percep\u021bie fragmentat\u0103 \u0219i o conexiune superficial\u0103 cu sinele \u0219i cu ceilal\u021bi.\u00a0Seria de trei expozi\u021bii investigheaz\u0103 exact acest spa\u021biu al rezonan\u021bei: momentul \u00een care lumea ne atinge, r\u0103spunsul nostru activ \u0219i transformarea care se produce prin acumularea experien\u021belor.<\/p>\n<p>Prima expozi\u021bie, <strong><em>Echoes of the Arrival,<\/em><\/strong> surprinde primele vibra\u021bii ale percep\u021biei: lumina, sunetul \u0219i materialitatea perturb\u0103 sim\u021burile, invit\u00e2nd vizitatorul s\u0103 simt\u0103 cum sinele prezent este trezit de mediul \u00eenconjur\u0103tor.<\/p>\n<p>A doua expozi\u021bie,<strong><em> Between Selves<\/em><\/strong>, exploreaz\u0103 dialogul activ: vizitatorul r\u0103spunde la stimuli, interac\u021bioneaz\u0103 cu spa\u021biul \u0219i tehnologia, iar corpul devine partener \u00een procesul de rezonan\u021b\u0103.<\/p>\n<p>Ultima expozi\u021bie, <strong><em>The After Conversation<\/em><\/strong>, eviden\u021biaz\u0103 transformarea: ecourile experien\u021belor anterioare se acumuleaz\u0103, model\u00e2nd sinele prezent \u0219i invit\u00e2nd la reflec\u021bie asupra felului \u00een care ne conect\u0103m cu noi \u00een\u0219ine \u0219i cu mediul din jur.<\/p>\n<p>Triada conceptual\u0103 <em>glitch\u2013transpunere\u2013identificare<\/em> ghideaz\u0103 \u00eentreg parcursul, iar prin lumin\u0103, culoare, sunet \u0219i materiale interactive, vizitatorul experimenteaz\u0103 expozi\u021biile nu doar ca obiecte vizuale, ci ca spa\u021bii vii care r\u0103spund prezen\u021bei \u0219i particip\u0103rii sale.<\/p>\n\n\n<p><\/p>\n","protected":false},"excerpt":{"rendered":"<p>Gabriela Moldovan este noua curatoare a expozi\u021biilor din La Cave, spa\u021biul de expresie contemporan\u0103 al Institutului Francez din Cluj.Ea va coordona trei expozi\u021bii \u00een perioada februarie \u2013 iunie 2026. Gabriela Moldovan (n. 2000, Satu Mare), tr\u0103ie\u0219te \u0219i lucreaz\u0103 \u00een Cluj-Napoca, este curator independent cu o practic\u0103 interdisciplinar\u0103, la intersec\u021bia dintre art\u0103, scenografie \u0219i cinematografie. Este [&hellip;]<\/p>\n","protected":false},"author":8,"featured_media":10127,"comment_status":"open","ping_status":"open","sticky":false,"template":"","format":"standard","meta":{"footnotes":""},"categories":[19],"tags":[],"class_list":["post-9792","post","type-post","status-publish","format-standard","has-post-thumbnail","hentry","category-la-cave"],"_links":{"self":[{"href":"https:\/\/institutfrancais.ro\/cluj-napoca\/wp-json\/wp\/v2\/posts\/9792","targetHints":{"allow":["GET"]}}],"collection":[{"href":"https:\/\/institutfrancais.ro\/cluj-napoca\/wp-json\/wp\/v2\/posts"}],"about":[{"href":"https:\/\/institutfrancais.ro\/cluj-napoca\/wp-json\/wp\/v2\/types\/post"}],"author":[{"embeddable":true,"href":"https:\/\/institutfrancais.ro\/cluj-napoca\/wp-json\/wp\/v2\/users\/8"}],"replies":[{"embeddable":true,"href":"https:\/\/institutfrancais.ro\/cluj-napoca\/wp-json\/wp\/v2\/comments?post=9792"}],"version-history":[{"count":15,"href":"https:\/\/institutfrancais.ro\/cluj-napoca\/wp-json\/wp\/v2\/posts\/9792\/revisions"}],"predecessor-version":[{"id":10130,"href":"https:\/\/institutfrancais.ro\/cluj-napoca\/wp-json\/wp\/v2\/posts\/9792\/revisions\/10130"}],"wp:featuredmedia":[{"embeddable":true,"href":"https:\/\/institutfrancais.ro\/cluj-napoca\/wp-json\/wp\/v2\/media\/10127"}],"wp:attachment":[{"href":"https:\/\/institutfrancais.ro\/cluj-napoca\/wp-json\/wp\/v2\/media?parent=9792"}],"wp:term":[{"taxonomy":"category","embeddable":true,"href":"https:\/\/institutfrancais.ro\/cluj-napoca\/wp-json\/wp\/v2\/categories?post=9792"},{"taxonomy":"post_tag","embeddable":true,"href":"https:\/\/institutfrancais.ro\/cluj-napoca\/wp-json\/wp\/v2\/tags?post=9792"}],"curies":[{"name":"wp","href":"https:\/\/api.w.org\/{rel}","templated":true}]}}