{"id":1257,"date":"2021-06-17T11:14:55","date_gmt":"2021-06-17T11:14:55","guid":{"rendered":"https:\/\/institutfrancais.ro\/iasi\/festivalul-filmului-francez-in-romania\/"},"modified":"2021-06-17T11:52:09","modified_gmt":"2021-06-17T11:52:09","slug":"festivalul-filmului-francez-in-romania","status":"publish","type":"post","link":"https:\/\/institutfrancais.ro\/iasi\/fr\/festivalul-filmului-francez-in-romania\/","title":{"rendered":"Festival du film fran\u00e7ais en Roumanie"},"content":{"rendered":"\n<p>Le&nbsp;<strong>Festival du film fran\u00e7ais (FFF) en Roumanie f\u00eate cette ann\u00e9e sa 25\u00e8me \u00e9dition.&nbsp;<\/strong>Du 1er au 5 juillet, les cin\u00e9philes de Ia\u0219i sont invit\u00e9s \u00e0 la rencontre des films fran\u00e7ais les plus r\u00e9cents et les plus marquants, dans une \u00e9dition anniversaire, d\u2019\u00e9t\u00e9. Les projections auront lieu dans la salle Fondane et dans le Jardin derri\u00e8re l\u2019Institut.<\/p>\n\n\n\n<p>5 \u00d7 5 = 25. C\u2019est l\u2019\u00e9quation propos\u00e9e aux spectateurs : 5 sections de 5 films chacune, pour marquer 25 \u00e9ditions du festival le plus ancien de Roumanie consacr\u00e9 \u00e0 un cin\u00e9ma national.<\/p>\n\n\n\n<p>Fid\u00e8le \u00e0 sa longue histoire et \u00e0 ses sections devenues classiques, le festival apporte \u00e9galement son lot de nouveaut\u00e9s dans cette \u00e9dition. La&nbsp;<strong>Comp\u00e9tition des jeunes talents \u2013 long m\u00e9trage&nbsp;<\/strong>met en lumi\u00e8re, comme chaque ann\u00e9e, les nouvelles voix du cin\u00e9ma fran\u00e7ais, avec cinq premiers titres exceptionnels en comp\u00e9tition pour le&nbsp;<strong>Prix du Public<\/strong>.<\/p>\n\n\n\n<p>Une nouvelle section s\u2019ajoute cette ann\u00e9e \u00e0 la comp\u00e9tition des longs m\u00e9trages, le&nbsp;<strong>Concours Jeunes Talents \u2013 Courts M\u00e9trages<\/strong>, qui propose cinq titres ayant un parcours festivalier exceptionnel. Un jury de trois jeunes critiques de cin\u00e9ma \u2013 Flavia Dima, Georgiana Mu\u015fat et Victor Morozov \u2013 d\u00e9signera le laur\u00e9at de cette section.<\/p>\n\n\n\n<p>Le&nbsp;<strong>Panorama des films de l\u2019ann\u00e9e&nbsp;<\/strong>\u2013 section classique rassemblant les succ\u00e8s r\u00e9cents du cin\u00e9ma fran\u00e7ais, r\u00e9compens\u00e9s lors de festivals ou de pl\u00e9biscites publics \u2013 sera domin\u00e9 par les com\u00e9dies. Nous avons besoin d\u2019\u00eatre \u00eatre heureux et \u00e9mus et de rire ensemble !<\/p>\n\n\n\n<p>Autre nouveaut\u00e9 : la&nbsp;<strong>Carte Blanche pour 5 cin\u00e9astes roumains<\/strong>, dans laquelle Adina Pintilie, Radu Jude, Cristian Mungiu, Corneliu Porumboiu et Cristi Puiu nous proposent chacun un film fran\u00e7ais, classique ou r\u00e9cent, qui l\u2019a particuli\u00e8rement marqu\u00e9 ou inspir\u00e9.<\/p>\n\n\n\n<p>Depuis ses premi\u00e8res \u00e9ditions jusqu\u2019\u00e0 aujourd\u2019hui, le Festival du film fran\u00e7ais a port\u00e9 une attention particuli\u00e8re aux nouvelles g\u00e9n\u00e9rations de cin\u00e9astes fran\u00e7ais, en faisant d\u00e9couvrir leurs films au public roumain. La cinqui\u00e8me et derni\u00e8re section,&nbsp;<strong>Le Meilleur du FFF&nbsp;<\/strong>vous invite \u00e0 (re)voir 5 films des \u00e9ditions pr\u00e9c\u00e9dentes du Festival, qui ont marqu\u00e9 les d\u00e9buts de certains r\u00e9alisateurs qui se sont impos\u00e9s depuis comme des noms incontournables.<\/p>\n\n\n\n<p>La reservation des billets se fait via Eventbook. Prix billet : 10 lei. Abonnement festival\u00a0: 80 lei.<\/p>\n\n\n\n<figure class=\"wp-block-table\"><table><tbody><tr><td><strong>Jeudi, 1er juillet<\/strong><\/td><td><strong>Vendredi, 2 juillet<\/strong><\/td><td><strong>Samedi, 3 juillet<\/strong><\/td><td><strong>Dimanche, 4 juillet<\/strong><\/td><td><strong>Lundi, 5 juillet<\/strong><\/td><\/tr><tr><td>18h30 Salle Fondane COMPETITION LONGMETRAGE <strong>SEIZE PRINTEMPS<\/strong>&nbsp; Suzanne Lindon&nbsp; (1h13)<\/td><td>18h30 Salle Fondane PANORAMA&nbsp; <strong>ET<\/strong><strong>\u00c9&nbsp;85<\/strong>&nbsp; Fran\u00e7ois&nbsp;Ozon&nbsp; (1h40)<\/td><td>18h30 Salle Fondane COMPETITION LONGMETRAGE&nbsp; <strong>SLALOM<\/strong>&nbsp; Charl\u00e8ne&nbsp;Favier&nbsp; (1h30)&nbsp;&nbsp;<\/td><td>18h00 Salle Fondane CARTE BLANCHE&nbsp; <strong>VAN GOGH<\/strong>&nbsp; Maurice Pialat&nbsp; (2h35)<\/td><td>18h30 Salle Fondane COMPETITION LONGMETRAGE <strong>LA&nbsp;<\/strong><strong>TROISI<\/strong><strong>\u00c8<\/strong><strong>ME&nbsp;<\/strong> <strong>GUERRE<\/strong>&nbsp; Giovanni Aloi&nbsp; (1h32)<\/td><\/tr><tr><td>21h00 Le jardin derri\u00e8re l\u2019Institut fran\u00e7ais PANORAMA&nbsp; <strong>UN TRIOMPHE<\/strong>&nbsp; Emmanuel&nbsp;Courcol&nbsp; (1h45)<\/td><td>21h00 Le jardin derri\u00e8re l\u2019Institut fran\u00e7ais COMPETITION LONGMETRAGE&nbsp; <strong>AU NOM DE LA TERRE<\/strong>&nbsp; Edouard&nbsp;Bergeon&nbsp;&nbsp; (1h43)<\/td><td>21h15 Le jardin derri\u00e8re l\u2019Institut fran\u00e7ais PANORAMA&nbsp; <strong>ANTOINETTE DANS LES C\u00c9VENNES<\/strong>&nbsp; Caroline&nbsp;Vignal&nbsp; (1h35)<\/td><td>21h15 Le jardin derri\u00e8re l\u2019Institut fran\u00e7ais COMPETITION LONGMETRAGE&nbsp; <strong>VAURIEN<\/strong>&nbsp; Peter&nbsp;Dourountzis&nbsp; (1h35)&nbsp;<\/td><td>21h15 Le jardin derri\u00e8re l\u2019Institut fran\u00e7ais PANORAMA&nbsp; <strong>ADIEU LES CONS<\/strong>&nbsp; Albert&nbsp;Dupontel&nbsp; (1h28)<\/td><\/tr><\/tbody><\/table><\/figure>\n\n\n\n\n","protected":false},"excerpt":{"rendered":"<p>Le&nbsp;Festival du film fran\u00e7ais (FFF) en Roumanie f\u00eate cette ann\u00e9e sa 25\u00e8me \u00e9dition.&nbsp;Du 1er au 5 juillet, les cin\u00e9philes de Ia\u0219i sont invit\u00e9s \u00e0 la rencontre des films fran\u00e7ais les plus r\u00e9cents et les plus marquants, dans une \u00e9dition anniversaire, d\u2019\u00e9t\u00e9. Les projections auront lieu dans la salle Fondane et dans le Jardin derri\u00e8re l\u2019Institut. [&hellip;]<\/p>\n","protected":false},"author":10,"featured_media":1253,"comment_status":"open","ping_status":"open","sticky":false,"template":"","format":"standard","meta":{"footnotes":""},"categories":[],"tags":[],"class_list":["post-1257","post","type-post","status-publish","format-standard","has-post-thumbnail","hentry"],"_links":{"self":[{"href":"https:\/\/institutfrancais.ro\/iasi\/fr\/wp-json\/wp\/v2\/posts\/1257","targetHints":{"allow":["GET"]}}],"collection":[{"href":"https:\/\/institutfrancais.ro\/iasi\/fr\/wp-json\/wp\/v2\/posts"}],"about":[{"href":"https:\/\/institutfrancais.ro\/iasi\/fr\/wp-json\/wp\/v2\/types\/post"}],"author":[{"embeddable":true,"href":"https:\/\/institutfrancais.ro\/iasi\/fr\/wp-json\/wp\/v2\/users\/10"}],"replies":[{"embeddable":true,"href":"https:\/\/institutfrancais.ro\/iasi\/fr\/wp-json\/wp\/v2\/comments?post=1257"}],"version-history":[{"count":2,"href":"https:\/\/institutfrancais.ro\/iasi\/fr\/wp-json\/wp\/v2\/posts\/1257\/revisions"}],"predecessor-version":[{"id":1260,"href":"https:\/\/institutfrancais.ro\/iasi\/fr\/wp-json\/wp\/v2\/posts\/1257\/revisions\/1260"}],"wp:featuredmedia":[{"embeddable":true,"href":"https:\/\/institutfrancais.ro\/iasi\/fr\/wp-json\/wp\/v2\/media\/1253"}],"wp:attachment":[{"href":"https:\/\/institutfrancais.ro\/iasi\/fr\/wp-json\/wp\/v2\/media?parent=1257"}],"wp:term":[{"taxonomy":"category","embeddable":true,"href":"https:\/\/institutfrancais.ro\/iasi\/fr\/wp-json\/wp\/v2\/categories?post=1257"},{"taxonomy":"post_tag","embeddable":true,"href":"https:\/\/institutfrancais.ro\/iasi\/fr\/wp-json\/wp\/v2\/tags?post=1257"}],"curies":[{"name":"wp","href":"https:\/\/api.w.org\/{rel}","templated":true}]}}