{"id":6075,"date":"2024-06-10T08:21:56","date_gmt":"2024-06-10T08:21:56","guid":{"rendered":"https:\/\/institutfrancais.ro\/iasi\/la-chica-2\/"},"modified":"2024-06-11T08:28:58","modified_gmt":"2024-06-11T08:28:58","slug":"la-chica-2","status":"publish","type":"post","link":"https:\/\/institutfrancais.ro\/iasi\/fr\/la-chica-2\/","title":{"rendered":"La Chica"},"content":{"rendered":"<div class=\"wp-block-image\">\n<figure class=\"aligncenter size-full\"><img loading=\"lazy\" decoding=\"async\" width=\"526\" height=\"526\" src=\"https:\/\/institutfrancais.ro\/iasi\/wp-content\/uploads\/sites\/4\/2024\/06\/447277258_18308619952153358_158160445172079678_n.jpg\" alt=\"\" class=\"wp-image-6073\" srcset=\"https:\/\/institutfrancais.ro\/iasi\/wp-content\/uploads\/sites\/4\/2024\/06\/447277258_18308619952153358_158160445172079678_n.jpg 526w, https:\/\/institutfrancais.ro\/iasi\/wp-content\/uploads\/sites\/4\/2024\/06\/447277258_18308619952153358_158160445172079678_n-300x300.jpg 300w, https:\/\/institutfrancais.ro\/iasi\/wp-content\/uploads\/sites\/4\/2024\/06\/447277258_18308619952153358_158160445172079678_n-150x150.jpg 150w\" sizes=\"auto, (max-width: 526px) 100vw, 526px\" \/><\/figure><\/div>\n\n\n<p>L&rsquo;Institut a le plaisir de continuer son partenariat avec le\u00a0<strong>Festival Rocanotherworld\u00a0<\/strong>en soutenant cette ann\u00e9e la prestation de l\u2019artiste\u00a0<em>La Chica<\/em>.<\/p>\n\n\n\n<p><strong>Cette chanteuse<\/strong>\u00a0franco-v\u00e9n\u00e9zu\u00e9lienne aime nous transporter\u00a0<strong>entre ses deux mondes qui sont<\/strong>\u00a0<strong>l\u2019Am\u00e9rique Latine et Paris<\/strong>. Ses chansons accompagn\u00e9es de\u00a0<strong>son piano<\/strong>\u00a0nous emportent dans un d\u00e9dale de voyages spirituels, d\u2019\u00e9tats \u00e9motionnels et de transformation.<\/p>\n\n\n\n<p>Son style musicale est volontairement ind\u00e9fini. Il\u00a0<strong>m\u00e9lange de fa\u00e7on savoureuse ses influences de quartier urbain multiculturel, de chamanisme, de m\u00e9tissage de cumbia, de musique carib\u00e9enne et de pop exp\u00e9rimentale<\/strong>. Une recette musicale douce, puissante, enrobante, tragique, mystique et brute.<\/p>\n\n\n\n<p>Un d\u00e9lice \u00e0 venir d\u00e9guster avec nous\u00a0<strong>le 22 juin \u00e0 Rocanotherwolrd!<\/strong><\/p>\n\n\n\n<p><\/p>\n","protected":false},"excerpt":{"rendered":"<p>L&rsquo;Institut a le plaisir de continuer son partenariat avec le\u00a0Festival Rocanotherworld\u00a0en soutenant cette ann\u00e9e la prestation de l\u2019artiste\u00a0La Chica. Cette chanteuse\u00a0franco-v\u00e9n\u00e9zu\u00e9lienne aime nous transporter\u00a0entre ses deux mondes qui sont\u00a0l\u2019Am\u00e9rique Latine et Paris. Ses chansons accompagn\u00e9es de\u00a0son piano\u00a0nous emportent dans un d\u00e9dale de voyages spirituels, d\u2019\u00e9tats \u00e9motionnels et de transformation. Son style musicale est volontairement ind\u00e9fini. [&hellip;]<\/p>\n","protected":false},"author":10,"featured_media":6073,"comment_status":"closed","ping_status":"closed","sticky":false,"template":"","format":"standard","meta":{"footnotes":""},"categories":[86],"tags":[],"class_list":["post-6075","post","type-post","status-publish","format-standard","has-post-thumbnail","hentry","category-muzica-fr"],"_links":{"self":[{"href":"https:\/\/institutfrancais.ro\/iasi\/fr\/wp-json\/wp\/v2\/posts\/6075","targetHints":{"allow":["GET"]}}],"collection":[{"href":"https:\/\/institutfrancais.ro\/iasi\/fr\/wp-json\/wp\/v2\/posts"}],"about":[{"href":"https:\/\/institutfrancais.ro\/iasi\/fr\/wp-json\/wp\/v2\/types\/post"}],"author":[{"embeddable":true,"href":"https:\/\/institutfrancais.ro\/iasi\/fr\/wp-json\/wp\/v2\/users\/10"}],"replies":[{"embeddable":true,"href":"https:\/\/institutfrancais.ro\/iasi\/fr\/wp-json\/wp\/v2\/comments?post=6075"}],"version-history":[{"count":2,"href":"https:\/\/institutfrancais.ro\/iasi\/fr\/wp-json\/wp\/v2\/posts\/6075\/revisions"}],"predecessor-version":[{"id":6078,"href":"https:\/\/institutfrancais.ro\/iasi\/fr\/wp-json\/wp\/v2\/posts\/6075\/revisions\/6078"}],"wp:featuredmedia":[{"embeddable":true,"href":"https:\/\/institutfrancais.ro\/iasi\/fr\/wp-json\/wp\/v2\/media\/6073"}],"wp:attachment":[{"href":"https:\/\/institutfrancais.ro\/iasi\/fr\/wp-json\/wp\/v2\/media?parent=6075"}],"wp:term":[{"taxonomy":"category","embeddable":true,"href":"https:\/\/institutfrancais.ro\/iasi\/fr\/wp-json\/wp\/v2\/categories?post=6075"},{"taxonomy":"post_tag","embeddable":true,"href":"https:\/\/institutfrancais.ro\/iasi\/fr\/wp-json\/wp\/v2\/tags?post=6075"}],"curies":[{"name":"wp","href":"https:\/\/api.w.org\/{rel}","templated":true}]}}