{"id":6719,"date":"2025-10-08T08:03:09","date_gmt":"2025-10-08T08:03:09","guid":{"rendered":"https:\/\/institutfrancais.ro\/iasi\/sear%d3%91-de-film-francez-cu-surprize-pentru-gurmanzi\/"},"modified":"2025-10-20T07:45:58","modified_gmt":"2025-10-20T07:45:58","slug":"sear%d3%91-de-film-francez-cu-surprize-pentru-gurmanzi","status":"publish","type":"post","link":"https:\/\/institutfrancais.ro\/iasi\/fr\/sear%d3%91-de-film-francez-cu-surprize-pentru-gurmanzi\/","title":{"rendered":"Soir\u00e9e de film fran\u00e7ais avec des surprises pour les gourmands"},"content":{"rendered":"\n<figure class=\"wp-block-image size-full\"><img loading=\"lazy\" decoding=\"async\" width=\"697\" height=\"313\" src=\"https:\/\/institutfrancais.ro\/iasi\/wp-content\/uploads\/sites\/4\/2025\/10\/559374596_1405476188251502_2925278098103783172_n-1.jpg\" alt=\"\" class=\"wp-image-6717\" srcset=\"https:\/\/institutfrancais.ro\/iasi\/wp-content\/uploads\/sites\/4\/2025\/10\/559374596_1405476188251502_2925278098103783172_n-1.jpg 697w, https:\/\/institutfrancais.ro\/iasi\/wp-content\/uploads\/sites\/4\/2025\/10\/559374596_1405476188251502_2925278098103783172_n-1-300x135.jpg 300w\" sizes=\"auto, (max-width: 697px) 100vw, 697px\" \/><figcaption class=\"wp-element-caption\"><br>A la belle \u00e9toile, de S\u00e9bastien Tulard, 2022, 1h50, com\u00e9die dramatique<br>Jeudi, 16 octobre 2025, 18h00<br>Palais Braunstein, 2, rue Cuza Vod\u04d1, 1er \u00e9tage<\/figcaption><\/figure>\n\n\n\n<p>L&rsquo;Institut fran\u00e7ais de Roumanie \u00e0 Ia\u0219i, le Centre culturel allemand et le Centre culturel portugais pr\u00e9sentent au Palais Braunstein une s\u00e9rie de projections de films visant \u00e0 mettre en avant la richesse multiculturelle du cin\u00e9ma europ\u00e9en. La seconde de ces projections est un film fran\u00e7ais, \u00ab A la belle \u00e9toile \u00bb, qui joue avec les saveurs dans le monde fascinant de la gastronomie, auquel nous ajouterons \u00e0 notre tour une surprise que nous esp\u00e9rons \u00eatre du go\u00fbt des cin\u00e9philes gourmands pr\u00e9sents.<\/p>\n\n\n\n<p>Depuis son plus jeune \u00e2ge, Yazid est passionn\u00e9 de p\u00e2tisserie. Ballott\u00e9 entre familles d&rsquo;accueil et foyer durant toute son enfance, il a d\u00e9velopp\u00e9 un fort temp\u00e9rament. Mais pour r\u00e9ussir dans le monde \u00e9litiste de la p\u00e2tisserie, le jeune homme va devoir apprendre \u00e0 se ma\u00eetriser. D&rsquo;\u00c9pernay \u00e0 Paris en passant par Monaco, il va travailler chez les plus grands chefs p\u00e2tissiers pour devenir le meilleur et tenter de r\u00e9aliser son r\u00eave en remportant le concours de champion du monde de p\u00e2tisserie.<br>Billet-10 lei<\/p>\n\n\n\n<p><a href=\"https:\/\/eventbook.ro\/...\/bilete-seara-de-film-francez-a...\">https:\/\/eventbook.ro\/&#8230;\/bilete-seara-de-film-francez-a&#8230;<\/a><\/p>\n\n\n<div class=\"wp-block-image\">\n<figure class=\"aligncenter size-large is-resized\"><img loading=\"lazy\" decoding=\"async\" width=\"755\" height=\"1024\" src=\"https:\/\/institutfrancais.ro\/iasi\/wp-content\/uploads\/sites\/4\/2025\/10\/IMG_2080-1-755x1024.jpeg\" alt=\"\" class=\"wp-image-6776\" style=\"width:464px;height:auto\" srcset=\"https:\/\/institutfrancais.ro\/iasi\/wp-content\/uploads\/sites\/4\/2025\/10\/IMG_2080-1-755x1024.jpeg 755w, https:\/\/institutfrancais.ro\/iasi\/wp-content\/uploads\/sites\/4\/2025\/10\/IMG_2080-1-221x300.jpeg 221w, https:\/\/institutfrancais.ro\/iasi\/wp-content\/uploads\/sites\/4\/2025\/10\/IMG_2080-1-768x1042.jpeg 768w, https:\/\/institutfrancais.ro\/iasi\/wp-content\/uploads\/sites\/4\/2025\/10\/IMG_2080-1.jpeg 1113w\" sizes=\"auto, (max-width: 755px) 100vw, 755px\" \/><\/figure><\/div>","protected":false},"excerpt":{"rendered":"<p>L&rsquo;Institut fran\u00e7ais de Roumanie \u00e0 Ia\u0219i, le Centre culturel allemand et le Centre culturel portugais pr\u00e9sentent au Palais Braunstein une s\u00e9rie de projections de films visant \u00e0 mettre en avant la richesse multiculturelle du cin\u00e9ma europ\u00e9en. La seconde de ces projections est un film fran\u00e7ais, \u00ab A la belle \u00e9toile \u00bb, qui joue avec les [&hellip;]<\/p>\n","protected":false},"author":10,"featured_media":6715,"comment_status":"closed","ping_status":"closed","sticky":false,"template":"","format":"standard","meta":{"footnotes":""},"categories":[87,58],"tags":[],"class_list":["post-6719","post","type-post","status-publish","format-standard","has-post-thumbnail","hentry","category-cinema-fr-3","category-culture"],"_links":{"self":[{"href":"https:\/\/institutfrancais.ro\/iasi\/fr\/wp-json\/wp\/v2\/posts\/6719","targetHints":{"allow":["GET"]}}],"collection":[{"href":"https:\/\/institutfrancais.ro\/iasi\/fr\/wp-json\/wp\/v2\/posts"}],"about":[{"href":"https:\/\/institutfrancais.ro\/iasi\/fr\/wp-json\/wp\/v2\/types\/post"}],"author":[{"embeddable":true,"href":"https:\/\/institutfrancais.ro\/iasi\/fr\/wp-json\/wp\/v2\/users\/10"}],"replies":[{"embeddable":true,"href":"https:\/\/institutfrancais.ro\/iasi\/fr\/wp-json\/wp\/v2\/comments?post=6719"}],"version-history":[{"count":3,"href":"https:\/\/institutfrancais.ro\/iasi\/fr\/wp-json\/wp\/v2\/posts\/6719\/revisions"}],"predecessor-version":[{"id":6779,"href":"https:\/\/institutfrancais.ro\/iasi\/fr\/wp-json\/wp\/v2\/posts\/6719\/revisions\/6779"}],"wp:featuredmedia":[{"embeddable":true,"href":"https:\/\/institutfrancais.ro\/iasi\/fr\/wp-json\/wp\/v2\/media\/6715"}],"wp:attachment":[{"href":"https:\/\/institutfrancais.ro\/iasi\/fr\/wp-json\/wp\/v2\/media?parent=6719"}],"wp:term":[{"taxonomy":"category","embeddable":true,"href":"https:\/\/institutfrancais.ro\/iasi\/fr\/wp-json\/wp\/v2\/categories?post=6719"},{"taxonomy":"post_tag","embeddable":true,"href":"https:\/\/institutfrancais.ro\/iasi\/fr\/wp-json\/wp\/v2\/tags?post=6719"}],"curies":[{"name":"wp","href":"https:\/\/api.w.org\/{rel}","templated":true}]}}