{"id":7509,"date":"2026-04-23T07:13:54","date_gmt":"2026-04-23T07:13:54","guid":{"rendered":"https:\/\/institutfrancais.ro\/iasi\/romanian-mental-health-film-festival\/"},"modified":"2026-04-24T07:23:03","modified_gmt":"2026-04-24T07:23:03","slug":"romanian-mental-health-film-festival","status":"publish","type":"post","link":"https:\/\/institutfrancais.ro\/iasi\/fr\/romanian-mental-health-film-festival\/","title":{"rendered":"Romanian Mental Health Film Festival"},"content":{"rendered":"\n<figure class=\"wp-block-image size-large is-resized\"><img loading=\"lazy\" decoding=\"async\" width=\"819\" height=\"1024\" src=\"https:\/\/institutfrancais.ro\/iasi\/wp-content\/uploads\/sites\/4\/2026\/04\/675504003_989057890113392_5869103776321344660_n-819x1024.jpg\" alt=\"\" class=\"wp-image-7506\" style=\"width:336px;height:auto\" srcset=\"https:\/\/institutfrancais.ro\/iasi\/wp-content\/uploads\/sites\/4\/2026\/04\/675504003_989057890113392_5869103776321344660_n-819x1024.jpg 819w, https:\/\/institutfrancais.ro\/iasi\/wp-content\/uploads\/sites\/4\/2026\/04\/675504003_989057890113392_5869103776321344660_n-240x300.jpg 240w, https:\/\/institutfrancais.ro\/iasi\/wp-content\/uploads\/sites\/4\/2026\/04\/675504003_989057890113392_5869103776321344660_n-768x960.jpg 768w, https:\/\/institutfrancais.ro\/iasi\/wp-content\/uploads\/sites\/4\/2026\/04\/675504003_989057890113392_5869103776321344660_n.jpg 1081w\" sizes=\"auto, (max-width: 819px) 100vw, 819px\" \/><\/figure>\n\n\n\n<p>Ce a\u0219 fi vrut s\u0103 \u0219tiu mai devreme<\/p>\n\n\n\n<p>S\u00e2mb\u0103t\u0103, 9 mai, 12:00<\/p>\n\n\n\n<p><a href=\"https:\/\/www.facebook.com\/IFRoIasi?__cft__[0]=AZbB1j2uD4qB8ieSTNoOoLrXwensdDjGDtCYo0pjwGnqHFBVN74w-km5_E3dE5jONtQQkq7fzhFEAETDli2WDqNwyipFFwpq84UHt601al57fXlBBZjXqwM02dsrgPrURjvbkXJTTTKjtBxYOAoajC0EHzdxr4OwHaMiKzMmHs_xTn_Tp7HwNpY3g8ohFHJTwzFJIAHivGNHTxIhCcEWZuFz3cKz_1WfogEsjoseZYwp6A&amp;__tn__=-]K-y-R\">Institut fran\u00e7ais de Roumanie \u00e0 Ia\u015fi<\/a><\/p>\n\n\n\n<p>Despre traseul profesional dincolo de reu\u0219ite \u0219i aparen\u021be. Pornind de la propria experien\u021b\u0103, acest class aduce o discu\u021bie sincer\u0103 despre gre\u0219eli, decizii dificile \u0219i lucruri care nu ies din prima, dar care te formeaz\u0103.<\/p>\n\n\n\n<p>Gianina C\u0103rburariu este regizoare \u0219i dramaturg\u0103, conferen\u021biar universitar la Facultatea de Teatru din cadrul UBB Cluj. \u00centre 2017 \u0219i 2024 a fost directoarea general\u0103 a Teatrului Tineretului din Piatra Neam\u021b, unde a curatoriat \u0219i Festivalul de Teatru. <\/p>\n\n\n\n<p>\u00cen Rom\u00e2nia, a colaborat at\u00e2t cu teatre independente, c\u00e2t \u0219i cu institu\u021bii de stat, precum Teatrul Odeon, Teatrul Mic, Teatrul Excelsior, Teatrul Nottara din Bucure\u0219ti, TNRS Sibiu sau Teatrul Tineretului.<\/p>\n\n\n\n<p>La nivel interna\u021bional, a lucrat \u00een teatre importante din Europa, printre care Kammerspiele M\u00fcnchen, Teatrul Na\u021bional din Madrid, Teatrul Contemporan din Szczecin, Teatrul de Stat din Stuttgart, Teatro delle Passione din Modena \u0219i Teatrul Na\u021bional Slovac din Bratislava.<\/p>\n\n\n\n<p>A fost prezent\u0103 de dou\u0103 ori \u00een selec\u021bia oficial\u0103 a Festivalului de la Avignon, cu spectacolele \u201eSolitaritate\u201d \u0219i \u201eTigru\u201d. \u00cen 2025, a publicat volumul \u201eVa urma\u201d, care reune\u0219te 10 dintre piesele scrise \u00een ultimii 15 ani. De asemenea, a fost implicat\u0103 ca produc\u0103tor \u0219i consultant artistic \u00een proiecte europene precum Future Laboratory \u0219i UNLOCK THE CITY!, finan\u021bate prin Europa Creativ\u0103. <\/p>\n\n\n\n<p>Un spa\u021biu de reflec\u021bie despre \u00eenv\u0103\u021bare, asumare \u0219i sens pentru cei afla\u021bi la \u00eenceput de drum, dar \u0219i pentru cei care simt c\u0103 e momentul s\u0103-\u0219i reg\u00e2ndeasc\u0103 direc\u021bia.<\/p>\n\n\n\n<p>Intrarea liber\u0103, locuri limitate. Bilete \u00een primul comentariu. <\/p>\n\n\n\n<p><a href=\"https:\/\/www.facebook.com\/hashtag\/filmfestival?__cft__[0]=AZbB1j2uD4qB8ieSTNoOoLrXwensdDjGDtCYo0pjwGnqHFBVN74w-km5_E3dE5jONtQQkq7fzhFEAETDli2WDqNwyipFFwpq84UHt601al57fXlBBZjXqwM02dsrgPrURjvbkXJTTTKjtBxYOAoajC0EHzdxr4OwHaMiKzMmHs_xTn_Tp7HwNpY3g8ohFHJTwzFJIAHivGNHTxIhCcEWZuFz3cKz_1WfogEsjoseZYwp6A&amp;__tn__=*NK-y-R\">#filmfestival<\/a><a href=\"https:\/\/www.facebook.com\/hashtag\/iasi?__cft__[0]=AZbB1j2uD4qB8ieSTNoOoLrXwensdDjGDtCYo0pjwGnqHFBVN74w-km5_E3dE5jONtQQkq7fzhFEAETDli2WDqNwyipFFwpq84UHt601al57fXlBBZjXqwM02dsrgPrURjvbkXJTTTKjtBxYOAoajC0EHzdxr4OwHaMiKzMmHs_xTn_Tp7HwNpY3g8ohFHJTwzFJIAHivGNHTxIhCcEWZuFz3cKz_1WfogEsjoseZYwp6A&amp;__tn__=*NK-y-R\">#iasi<\/a><a href=\"https:\/\/www.facebook.com\/hashtag\/mentalhealth?__cft__[0]=AZbB1j2uD4qB8ieSTNoOoLrXwensdDjGDtCYo0pjwGnqHFBVN74w-km5_E3dE5jONtQQkq7fzhFEAETDli2WDqNwyipFFwpq84UHt601al57fXlBBZjXqwM02dsrgPrURjvbkXJTTTKjtBxYOAoajC0EHzdxr4OwHaMiKzMmHs_xTn_Tp7HwNpY3g8ohFHJTwzFJIAHivGNHTxIhCcEWZuFz3cKz_1WfogEsjoseZYwp6A&amp;__tn__=*NK-y-R\">#mentalhealth<\/a><\/p>\n","protected":false},"excerpt":{"rendered":"<p>Ce a\u0219 fi vrut s\u0103 \u0219tiu mai devreme S\u00e2mb\u0103t\u0103, 9 mai, 12:00 Institut fran\u00e7ais de Roumanie \u00e0 Ia\u015fi Despre traseul profesional dincolo de reu\u0219ite \u0219i aparen\u021be. Pornind de la propria experien\u021b\u0103, acest class aduce o discu\u021bie sincer\u0103 despre gre\u0219eli, decizii dificile \u0219i lucruri care nu ies din prima, dar care te formeaz\u0103. Gianina C\u0103rburariu este [&hellip;]<\/p>\n","protected":false},"author":10,"featured_media":7507,"comment_status":"closed","ping_status":"closed","sticky":false,"template":"","format":"standard","meta":{"footnotes":""},"categories":[57],"tags":[],"class_list":["post-7509","post","type-post","status-publish","format-standard","has-post-thumbnail","hentry","category-culture-fr"],"_links":{"self":[{"href":"https:\/\/institutfrancais.ro\/iasi\/fr\/wp-json\/wp\/v2\/posts\/7509","targetHints":{"allow":["GET"]}}],"collection":[{"href":"https:\/\/institutfrancais.ro\/iasi\/fr\/wp-json\/wp\/v2\/posts"}],"about":[{"href":"https:\/\/institutfrancais.ro\/iasi\/fr\/wp-json\/wp\/v2\/types\/post"}],"author":[{"embeddable":true,"href":"https:\/\/institutfrancais.ro\/iasi\/fr\/wp-json\/wp\/v2\/users\/10"}],"replies":[{"embeddable":true,"href":"https:\/\/institutfrancais.ro\/iasi\/fr\/wp-json\/wp\/v2\/comments?post=7509"}],"version-history":[{"count":1,"href":"https:\/\/institutfrancais.ro\/iasi\/fr\/wp-json\/wp\/v2\/posts\/7509\/revisions"}],"predecessor-version":[{"id":7510,"href":"https:\/\/institutfrancais.ro\/iasi\/fr\/wp-json\/wp\/v2\/posts\/7509\/revisions\/7510"}],"wp:featuredmedia":[{"embeddable":true,"href":"https:\/\/institutfrancais.ro\/iasi\/fr\/wp-json\/wp\/v2\/media\/7507"}],"wp:attachment":[{"href":"https:\/\/institutfrancais.ro\/iasi\/fr\/wp-json\/wp\/v2\/media?parent=7509"}],"wp:term":[{"taxonomy":"category","embeddable":true,"href":"https:\/\/institutfrancais.ro\/iasi\/fr\/wp-json\/wp\/v2\/categories?post=7509"},{"taxonomy":"post_tag","embeddable":true,"href":"https:\/\/institutfrancais.ro\/iasi\/fr\/wp-json\/wp\/v2\/tags?post=7509"}],"curies":[{"name":"wp","href":"https:\/\/api.w.org\/{rel}","templated":true}]}}