{"id":7837,"date":"2026-08-24T08:24:01","date_gmt":"2026-08-24T08:24:01","guid":{"rendered":"https:\/\/institutfrancais.ro\/iasi\/%f0%9d%94%bb%f0%9d%95%9a%f0%9d%95%9f%f0%9d%95%94%f0%9d%95%a0%f0%9d%95%9d%f0%9d%95%a0-%f0%9d%95%95%f0%9d%95%96-%f0%9d%95%97%f0%9d%95%92%f0%9d%95%a4%f0%9d%95%a5-%f0%9d%95%97%f0%9d%95%92%f0%9d%95%a4\/"},"modified":"2026-08-25T08:34:33","modified_gmt":"2026-08-25T08:34:33","slug":"%f0%9d%94%bb%f0%9d%95%9a%f0%9d%95%9f%f0%9d%95%94%f0%9d%95%a0%f0%9d%95%9d%f0%9d%95%a0-%f0%9d%95%95%f0%9d%95%96-%f0%9d%95%97%f0%9d%95%92%f0%9d%95%a4%f0%9d%95%a5-%f0%9d%95%97%f0%9d%95%92%f0%9d%95%a4","status":"publish","type":"post","link":"https:\/\/institutfrancais.ro\/iasi\/fr\/%f0%9d%94%bb%f0%9d%95%9a%f0%9d%95%9f%f0%9d%95%94%f0%9d%95%a0%f0%9d%95%9d%f0%9d%95%a0-%f0%9d%95%95%f0%9d%95%96-%f0%9d%95%97%f0%9d%95%92%f0%9d%95%a4%f0%9d%95%a5-%f0%9d%95%97%f0%9d%95%92%f0%9d%95%a4\/","title":{"rendered":"\ud835\udd3b\ud835\udd5a\ud835\udd5f\ud835\udd54\ud835\udd60\ud835\udd5d\ud835\udd60 \ud835\udd55\ud835\udd56 \ud835\udd57\ud835\udd52\ud835\udd64\ud835\udd65 \ud835\udd57\ud835\udd52\ud835\udd64\ud835\udd59\ud835\udd5a\ud835\udd60\ud835\udd5f"},"content":{"rendered":"\n<figure class=\"wp-block-image size-large is-resized\"><img loading=\"lazy\" decoding=\"async\" width=\"819\" height=\"1024\" src=\"https:\/\/institutfrancais.ro\/iasi\/wp-content\/uploads\/sites\/4\/2026\/08\/776921756_917408874761551_1773539816072955407_n-819x1024.jpg\" alt=\"\" class=\"wp-image-7831\" style=\"aspect-ratio:0.7998185230248912;width:326px;height:auto\" srcset=\"https:\/\/institutfrancais.ro\/iasi\/wp-content\/uploads\/sites\/4\/2026\/08\/776921756_917408874761551_1773539816072955407_n-819x1024.jpg 819w, https:\/\/institutfrancais.ro\/iasi\/wp-content\/uploads\/sites\/4\/2026\/08\/776921756_917408874761551_1773539816072955407_n-240x300.jpg 240w, https:\/\/institutfrancais.ro\/iasi\/wp-content\/uploads\/sites\/4\/2026\/08\/776921756_917408874761551_1773539816072955407_n-768x960.jpg 768w, https:\/\/institutfrancais.ro\/iasi\/wp-content\/uploads\/sites\/4\/2026\/08\/776921756_917408874761551_1773539816072955407_n.jpg 1080w\" sizes=\"auto, (max-width: 819px) 100vw, 819px\" \/><\/figure>\n\n\n\n<p class=\"wp-block-paragraph\"><strong>27 august<\/strong><\/p>\n\n\n\n<p class=\"wp-block-paragraph\"><strong>Ora 18:00<\/strong><\/p>\n\n\n\n<p class=\"wp-block-paragraph\"><strong>Palat Braunstein, etajul 1, Str. Cuza Vod\u0103 nr. 2, Ia\u0219i<\/strong><\/p>\n\n\n\n<p class=\"wp-block-paragraph\">Cum influen\u021beaz\u0103 industria modei planeta, resursele naturale \u0219i comunit\u0103\u021bile din \u00eentreaga lume? Ce putem face, la nivel local, pentru a reduce risipa \u0219i a contribui la o economie mai sustenabil\u0103?<\/p>\n\n\n\n<p class=\"wp-block-paragraph\">Alaturi de Institutul Francez, Reginnova te invit\u0103 la proiec\u021bia a dou\u0103 documentare, subtitrate \u00een limba rom\u00e2n\u0103: \u201eLumea \u00een imagini\u201d \u0219i \u201eBelgia: Fast Fashion amenin\u021b\u0103 reciclarea non-profit\u201d, dedicate impactului pe care consumul excesiv de haine \u00eel are asupra mediului \u0219i societ\u0103\u021bii. Dup\u0103 proiec\u021bie, te invit\u0103m s\u0103 participi la o dezbatere deschis\u0103 pornind de la temele abordate \u00een cele dou\u0103 documentare.<\/p>\n\n\n\n<p class=\"wp-block-paragraph\">Documentarele sunt oferite prin parteneriatul cu ARTE, platforma european\u0103 de referin\u021b\u0103 pentru programe culturale \u0219i documentare.<\/p>\n\n\n\n<p class=\"wp-block-paragraph\">Documentarele sunt oferite prin parteneriatul cu ARTE, platforma european\u0103 de referin\u021b\u0103 pentru programe culturale \u0219i documentare.<\/p>\n\n\n\n<p class=\"wp-block-paragraph\">Participarea este gratuit\u0103, \u00eens\u0103 locurile sunt limitate. Accesul se face pe baz\u0103 de \u00eenregistrare.<\/p>\n\n\n\n<p class=\"wp-block-paragraph\"><\/p>\n","protected":false},"excerpt":{"rendered":"<p>27 august Ora 18:00 Palat Braunstein, etajul 1, Str. Cuza Vod\u0103 nr. 2, Ia\u0219i Cum influen\u021beaz\u0103 industria modei planeta, resursele naturale \u0219i comunit\u0103\u021bile din \u00eentreaga lume? Ce putem face, la nivel local, pentru a reduce risipa \u0219i a contribui la o economie mai sustenabil\u0103? Alaturi de Institutul Francez, Reginnova te invit\u0103 la proiec\u021bia a dou\u0103 [&hellip;]<\/p>\n","protected":false},"author":10,"featured_media":7832,"comment_status":"closed","ping_status":"closed","sticky":false,"template":"","format":"standard","meta":{"footnotes":""},"categories":[57,58],"tags":[],"class_list":["post-7837","post","type-post","status-publish","format-standard","has-post-thumbnail","hentry","category-culture-fr","category-culture"],"_links":{"self":[{"href":"https:\/\/institutfrancais.ro\/iasi\/fr\/wp-json\/wp\/v2\/posts\/7837","targetHints":{"allow":["GET"]}}],"collection":[{"href":"https:\/\/institutfrancais.ro\/iasi\/fr\/wp-json\/wp\/v2\/posts"}],"about":[{"href":"https:\/\/institutfrancais.ro\/iasi\/fr\/wp-json\/wp\/v2\/types\/post"}],"author":[{"embeddable":true,"href":"https:\/\/institutfrancais.ro\/iasi\/fr\/wp-json\/wp\/v2\/users\/10"}],"replies":[{"embeddable":true,"href":"https:\/\/institutfrancais.ro\/iasi\/fr\/wp-json\/wp\/v2\/comments?post=7837"}],"version-history":[{"count":1,"href":"https:\/\/institutfrancais.ro\/iasi\/fr\/wp-json\/wp\/v2\/posts\/7837\/revisions"}],"predecessor-version":[{"id":7838,"href":"https:\/\/institutfrancais.ro\/iasi\/fr\/wp-json\/wp\/v2\/posts\/7837\/revisions\/7838"}],"wp:featuredmedia":[{"embeddable":true,"href":"https:\/\/institutfrancais.ro\/iasi\/fr\/wp-json\/wp\/v2\/media\/7832"}],"wp:attachment":[{"href":"https:\/\/institutfrancais.ro\/iasi\/fr\/wp-json\/wp\/v2\/media?parent=7837"}],"wp:term":[{"taxonomy":"category","embeddable":true,"href":"https:\/\/institutfrancais.ro\/iasi\/fr\/wp-json\/wp\/v2\/categories?post=7837"},{"taxonomy":"post_tag","embeddable":true,"href":"https:\/\/institutfrancais.ro\/iasi\/fr\/wp-json\/wp\/v2\/tags?post=7837"}],"curies":[{"name":"wp","href":"https:\/\/api.w.org\/{rel}","templated":true}]}}