{"id":1161,"date":"2021-05-28T10:42:40","date_gmt":"2021-05-28T10:42:40","guid":{"rendered":"https:\/\/institutfrancais.ro\/iasi\/?p=1161"},"modified":"2021-07-21T09:36:48","modified_gmt":"2021-07-21T09:36:48","slug":"festivalul-tres-court-2021-la-iasi","status":"publish","type":"post","link":"https:\/\/institutfrancais.ro\/iasi\/festivalul-tres-court-2021-la-iasi\/","title":{"rendered":"Festivalul Tr\u00e8s Court 2021 la Ia\u0219i"},"content":{"rendered":"\n<p>Te invit\u0103m s\u0103 descoperi cele mai bune filme de foarte scurt metraj, de maximum 4 minute, din \u00eentreaga lume &#8211; un concentrat de inventivitate \u0219i imagina\u0163ie, \u00eentr-un format plin de energie. Toate filmele vor fi subtitrate \u00een limba rom\u00e2n\u0103.<br>Ca \u00een fiecare an, la finalul vizion\u0103rii, vei putea vota filmul preferat din competi\u021bia interna\u021bional\u0103.<br>Eveniment organizat de Institutul Francez din Rom\u00e2nia \u0219i sus\u021binut de Orange.<br>INTRAREA LIBER\u0102!<\/p>\n\n\n\n<p>PROGRAMUL PROIEC\u021aIILOR:<\/p>\n\n\n\n<p>Gr\u0103dina Institutului Francez Ia\u0219i<br>bd. Carol I, nr. 26, Ia\u0219i<br>Vineri, 4 iunie 2021<br>21h30 Competi\u021bia Interna\u0163ional\u0103 1<br>22h30 Competi\u021bia Rom\u00e2neasc\u0103<\/p>\n\n\n\n<p>S\u00e2mbat\u0103, 5 iunie 2021<br>21h00 Competi\u021bia Interna\u0163ional\u0103 2<br>22h00 Competi\u021bia Cuvintele Femeilor<\/p>\n\n\n\n<p>Duminic\u0103, 6 iunie 2021<br>21h00 Selec\u021bia Francez\u0103<br>22h00 Selec\u021bia Au \u00eendr\u0103znit<\/p>\n\n\n\n<p>C\u00e2teva reguli de participare, conform legisla\u021biei \u00een vigoare:<br>-Participarea la evenimentele culturale \u00een aer liber este permis\u0103 doar pentru persoanele care sunt vaccinate \u00eempotriva virusului SARS-CoV-2 pentru care au trecut 10 zile de la finalizarea schemei complete de vaccinare, persoanele care prezint\u0103 rezultatul negativ al unui test RT-PCR nu mai vechi de 72 de ore sau rezultatul negativ certificat al unui test antigen rapid nu mai vechi de 24 de ore.<br>&#8211; Organizatorul va asigura verificarea dovezilor medicale prezentate de c\u0103tre fiecare participant, pentru \u00eendeplinirea condi\u021biilor de acces, iar minorii vor fi excepta\u021bi de la prezentarea acestor dovezi medicale. De asemenea, minorii de peste 5 ani vor fi obliga\u021bi s\u0103 poarte masc\u0103.<\/p>\n","protected":false},"excerpt":{"rendered":"<p>Te invit\u0103m s\u0103 descoperi cele mai bune filme de foarte scurt metraj, de maximum 4 minute, din \u00eentreaga lume &#8211; un concentrat de inventivitate \u0219i imagina\u0163ie, \u00eentr-un format plin de energie. Toate filmele vor fi subtitrate \u00een limba rom\u00e2n\u0103.Ca \u00een fiecare an, la finalul vizion\u0103rii, vei putea vota filmul preferat din competi\u021bia interna\u021bional\u0103.Eveniment organizat de [&hellip;]<\/p>\n","protected":false},"author":10,"featured_media":1162,"comment_status":"open","ping_status":"open","sticky":true,"template":"","format":"standard","meta":{"footnotes":""},"categories":[53,30],"tags":[],"class_list":["post-1161","post","type-post","status-publish","format-standard","has-post-thumbnail","hentry","category-cinema","category-cultura"],"_links":{"self":[{"href":"https:\/\/institutfrancais.ro\/iasi\/wp-json\/wp\/v2\/posts\/1161","targetHints":{"allow":["GET"]}}],"collection":[{"href":"https:\/\/institutfrancais.ro\/iasi\/wp-json\/wp\/v2\/posts"}],"about":[{"href":"https:\/\/institutfrancais.ro\/iasi\/wp-json\/wp\/v2\/types\/post"}],"author":[{"embeddable":true,"href":"https:\/\/institutfrancais.ro\/iasi\/wp-json\/wp\/v2\/users\/10"}],"replies":[{"embeddable":true,"href":"https:\/\/institutfrancais.ro\/iasi\/wp-json\/wp\/v2\/comments?post=1161"}],"version-history":[{"count":1,"href":"https:\/\/institutfrancais.ro\/iasi\/wp-json\/wp\/v2\/posts\/1161\/revisions"}],"predecessor-version":[{"id":1164,"href":"https:\/\/institutfrancais.ro\/iasi\/wp-json\/wp\/v2\/posts\/1161\/revisions\/1164"}],"wp:featuredmedia":[{"embeddable":true,"href":"https:\/\/institutfrancais.ro\/iasi\/wp-json\/wp\/v2\/media\/1162"}],"wp:attachment":[{"href":"https:\/\/institutfrancais.ro\/iasi\/wp-json\/wp\/v2\/media?parent=1161"}],"wp:term":[{"taxonomy":"category","embeddable":true,"href":"https:\/\/institutfrancais.ro\/iasi\/wp-json\/wp\/v2\/categories?post=1161"},{"taxonomy":"post_tag","embeddable":true,"href":"https:\/\/institutfrancais.ro\/iasi\/wp-json\/wp\/v2\/tags?post=1161"}],"curies":[{"name":"wp","href":"https:\/\/api.w.org\/{rel}","templated":true}]}}