{"id":1251,"date":"2021-06-28T11:14:00","date_gmt":"2021-06-28T11:14:00","guid":{"rendered":"https:\/\/institutfrancais.ro\/iasi\/?p=1251"},"modified":"2021-07-28T12:13:37","modified_gmt":"2021-07-28T12:13:37","slug":"festivalul-filmului-francez-in-romania","status":"publish","type":"post","link":"https:\/\/institutfrancais.ro\/iasi\/festivalul-filmului-francez-in-romania\/","title":{"rendered":"Festivalul Filmului Francez \u00een Rom\u00e2nia"},"content":{"rendered":"\n<p><strong>Festivalul Filmului Francez (FFF) din Rom\u00e2nia celebreaz\u0103 \u00een acest an edi\u0163ia cu num\u0103rul 25<\/strong>. \u00centre 1 \u015fi 5 iulie, cinefilii ie\u0219eni sunt invita\u0163i la \u00eent\u00e2lnirea cu cele mai noi \u015fi remarcabile filme franceze, \u00eentr-o edi\u0163ie aniversar\u0103, de var\u0103. Proiec\u0163iile vor avea loc \u00een sala \u201eBenjamin Fondane\u201d \u0219i \u00een Gr\u01cedina din spatele Institutului Francez din Rom\u00e2nia la Ia\u0219i.<\/p>\n\n\n\n<p>5 x 5 = 25. Aceasta este ecua\u0163ia propus\u0103 spectatorilor: 5 sec\u0163iuni cu c\u00e2te 5 filme fiecare, pentru a marca 25 de edi\u0163ii ale celui mai longeviv festival din Rom\u00e2nia dedicat unei cinematografii na\u0163ionale.<\/p>\n\n\n\n<p>Fidel lungii sale istorii \u015fi sec\u0163iunilor devenite clasice, festivalul aduce totodat\u0103 o mul\u0163ime de nout\u0103\u0163i \u00een aceast\u0103 edi\u0163ie.&nbsp;<strong>Competi\u0163ia Tinerilor Talente \u2013 Lungmetraj&nbsp;<\/strong>pune \u00een lumin\u0103, ca \u00een fiecare an, vocile noi ale cinematografiei franceze, prin cinci titluri de debut remarcabile care vor concura pentru&nbsp;<strong>Premiul Publicului<\/strong>.<\/p>\n\n\n\n<p>Competi\u0163iei de lungmetraj i se adaug\u0103 \u00een acest an o sec\u0163iune nou\u0103,&nbsp;<strong>Competi\u0163ia Tinerelor Talente \u2013 Scurtmetraj<\/strong>, care propune cinci titluri cu un parcurs festivalier deosebit. Un juriu de trei tineri critici de film \u2013 Flavia Dima, Georgiana Mu\u015fat \u015fi Victor Morozov \u2013 va desemna c\u00e2\u015ftig\u0103torul acestei sec\u0163iuni.<\/p>\n\n\n\n<p>\u00cen&nbsp;<strong>Panorama filmelor anului<\/strong>, sec\u0163iunea clasic\u0103 ce regrupeaz\u0103 succesele recente ale cinematografiei franceze, recompensate \u00een festivaluri sau plebiscitate de public, vor predomina comediile. Avem nevoie s\u0103 ne bucur\u0103m, s\u0103 ne emo\u0163ion\u0103m \u015fi s\u0103 r\u00e2dem, \u00eempreun\u0103!<\/p>\n\n\n\n<p>O alt\u0103 sec\u0163iune nou\u0103 este&nbsp;<strong>Carte Blanche pentru 5 cinea\u015fti rom\u00e2ni<\/strong>, \u00een cadrul c\u0103reia Adina Pintilie, Radu Jude, Cristian Mungiu, Corneliu Porumboiu \u015fi Cristi Puiu ne fac onoarea de a ne propune fiecare c\u00e2te un film francez, de patrimoniu sau mai recent, care i-a impresionat sau i-a inspirat \u00een mod deosebit.<\/p>\n\n\n\n<p>De la primele sale edi\u0163ii \u015fi p\u00e2n\u0103 \u00een prezent, Festivalul Filmului Francez a acordat o aten\u0163ie deosebit\u0103 noilor genera\u021bii de cinea\u0219ti francezi, aduc\u00e2nd filmele acestora \u00een fa\u0163a publicului din Rom\u00e2nia. A cincea \u015fi ultima sec\u0163iune,&nbsp;<strong>Le Meilleur du FFF<\/strong>, v\u0103 propune s\u0103 (re)vede\u0163i 5 filme din edi\u0163iile anterioare ale Festivalului, care au marcat debutul unor regizoare \u015fi regizori ce s-au impus \u00eentre timp ca nume inconturnabile.<\/p>\n\n\n\n<p>Rezervarea biletelor se face prin Eventbook. Pre\u0163 bilet: 10 lei. Abonament festival: 80 lei.<\/p>\n\n\n\n<p><a href=\"https:\/\/eventbook.ro\/festival\/festivalul-filmului-francez-iasi\">https:\/\/eventbook.ro\/festival\/festivalul-filmului-francez-iasi<\/a><\/p>\n\n\n\n<p>*\u00cen cazul \u00een care condi\u0163iile meteo nu vor permite desf\u01ce\u0219urarea proiec\u0163iilor \u00een aer liber, acestea vor avea loc tot \u00een sala \u201eBenjamin Fondane\u201d.&nbsp;<\/p>\n\n\n\n<figure class=\"wp-block-table\"><table><tbody><tr><td><strong>Joi, 1 iulie<\/strong><\/td><td><strong>Vineri, 2 iulie<\/strong><\/td><td><strong>S\u00e2mb\u0103t\u0103, 3 iulie<\/strong><\/td><td><strong>Duminic\u0103, 4 iulie<\/strong><\/td><td><strong>Luni, 5 iulie<\/strong><\/td><\/tr><tr><td>18h30 Sala Fondane COMPETI\u021aIE LUNGMETRAJ&nbsp; <strong>SEIZE PRINTEMPS<\/strong>&nbsp; Suzanne Lindon&nbsp; (1h13)<\/td><td>18h30 Sala Fondane PANORAMA&nbsp; <strong>ET<\/strong><strong>\u00c9&nbsp;85<\/strong>&nbsp; Fran\u00e7ois&nbsp;Ozon&nbsp; (1h40)<\/td><td>18h30 Sala Fondane COMPETI\u021aIE LUNGMETRAJ&nbsp; <strong>SLALOM<\/strong>&nbsp; Charl\u00e8ne&nbsp;Favier&nbsp; (1h30)&nbsp;&nbsp;<\/td><td>18h00 Sala Fondane CARTE BLANCHE&nbsp; <strong>VAN GOGH<\/strong>&nbsp; Maurice Pialat&nbsp; (2h35)<\/td><td>18h30 Sala Fondane COMPETI\u021aIE LUNGMETRAJ&nbsp; <strong>LA&nbsp;<\/strong><strong>TROISI<\/strong><strong>\u00c8<\/strong><strong>ME&nbsp;<\/strong> <strong>GUERRE<\/strong>&nbsp; Giovanni Aloi&nbsp; (1h32)<\/td><\/tr><tr><td>21h00 Gr\u01cedina din spatele Institutului Francez PANORAMA&nbsp; <strong>UN TRIOMPHE<\/strong>&nbsp; Emmanuel&nbsp;Courcol&nbsp; (1h45)<\/td><td>21h00 Gr\u01cedina din spatele Institutului Francez COMPETI\u021aIE LUNGMETRAJ&nbsp; <strong>AU NOM DE LA TERRE<\/strong>&nbsp; Edouard&nbsp;Bergeon&nbsp;&nbsp; (1h43)<\/td><td>21h15 Gr\u01cedina din spatele Institutului Francez PANORAMA&nbsp; <strong>ANTOINETTE DANS LES C\u00c9VENNES<\/strong>&nbsp; Caroline&nbsp;Vignal&nbsp; (1h35)<\/td><td>21h15 Gr\u01cedina din spatele Institutului Francez COMPETI\u021aIE LUNGMETRAJ&nbsp; <strong>VAURIEN<\/strong>&nbsp; Peter&nbsp;Dourountzis&nbsp; (1h35)&nbsp;<\/td><td>21h15 Gr\u01cedina din spatele Institutului Francez PANORAMA&nbsp; <strong>ADIEU LES CONS<\/strong>&nbsp; Albert&nbsp;Dupontel&nbsp; (1h28)<\/td><\/tr><\/tbody><\/table><\/figure>\n\n\n","protected":false},"excerpt":{"rendered":"<p>Festivalul Filmului Francez (FFF) din Rom\u00e2nia celebreaz\u0103 \u00een acest an edi\u0163ia cu num\u0103rul 25. \u00centre 1 \u015fi 5 iulie, cinefilii ie\u0219eni sunt invita\u0163i la \u00eent\u00e2lnirea cu cele mai noi \u015fi remarcabile filme franceze, \u00eentr-o edi\u0163ie aniversar\u0103, de var\u0103. Proiec\u0163iile vor avea loc \u00een sala \u201eBenjamin Fondane\u201d \u0219i \u00een Gr\u01cedina din spatele Institutului Francez din Rom\u00e2nia [&hellip;]<\/p>\n","protected":false},"author":10,"featured_media":1252,"comment_status":"open","ping_status":"open","sticky":false,"template":"","format":"standard","meta":{"footnotes":""},"categories":[98],"tags":[],"class_list":["post-1251","post","type-post","status-publish","format-standard","has-post-thumbnail","hentry","category-arhiva"],"_links":{"self":[{"href":"https:\/\/institutfrancais.ro\/iasi\/wp-json\/wp\/v2\/posts\/1251","targetHints":{"allow":["GET"]}}],"collection":[{"href":"https:\/\/institutfrancais.ro\/iasi\/wp-json\/wp\/v2\/posts"}],"about":[{"href":"https:\/\/institutfrancais.ro\/iasi\/wp-json\/wp\/v2\/types\/post"}],"author":[{"embeddable":true,"href":"https:\/\/institutfrancais.ro\/iasi\/wp-json\/wp\/v2\/users\/10"}],"replies":[{"embeddable":true,"href":"https:\/\/institutfrancais.ro\/iasi\/wp-json\/wp\/v2\/comments?post=1251"}],"version-history":[{"count":5,"href":"https:\/\/institutfrancais.ro\/iasi\/wp-json\/wp\/v2\/posts\/1251\/revisions"}],"predecessor-version":[{"id":1410,"href":"https:\/\/institutfrancais.ro\/iasi\/wp-json\/wp\/v2\/posts\/1251\/revisions\/1410"}],"wp:featuredmedia":[{"embeddable":true,"href":"https:\/\/institutfrancais.ro\/iasi\/wp-json\/wp\/v2\/media\/1252"}],"wp:attachment":[{"href":"https:\/\/institutfrancais.ro\/iasi\/wp-json\/wp\/v2\/media?parent=1251"}],"wp:term":[{"taxonomy":"category","embeddable":true,"href":"https:\/\/institutfrancais.ro\/iasi\/wp-json\/wp\/v2\/categories?post=1251"},{"taxonomy":"post_tag","embeddable":true,"href":"https:\/\/institutfrancais.ro\/iasi\/wp-json\/wp\/v2\/tags?post=1251"}],"curies":[{"name":"wp","href":"https:\/\/api.w.org\/{rel}","templated":true}]}}