{"id":3029,"date":"2022-12-17T08:31:00","date_gmt":"2022-12-17T08:31:00","guid":{"rendered":"https:\/\/institutfrancais.ro\/iasi\/?p=3029"},"modified":"2025-04-30T07:54:22","modified_gmt":"2025-04-30T07:54:22","slug":"cursuri-individuale","status":"publish","type":"post","link":"https:\/\/institutfrancais.ro\/iasi\/cursuri-individuale\/","title":{"rendered":"Cursuri individuale"},"content":{"rendered":"\n<figure class=\"wp-block-image size-large\"><img loading=\"lazy\" decoding=\"async\" width=\"1024\" height=\"512\" src=\"https:\/\/institutfrancais.ro\/iasi\/wp-content\/uploads\/sites\/4\/2022\/12\/SITE_1200x600-copy-2-1024x512.jpg\" alt=\"\" class=\"wp-image-6559\" srcset=\"https:\/\/institutfrancais.ro\/iasi\/wp-content\/uploads\/sites\/4\/2022\/12\/SITE_1200x600-copy-2-1024x512.jpg 1024w, https:\/\/institutfrancais.ro\/iasi\/wp-content\/uploads\/sites\/4\/2022\/12\/SITE_1200x600-copy-2-300x150.jpg 300w, https:\/\/institutfrancais.ro\/iasi\/wp-content\/uploads\/sites\/4\/2022\/12\/SITE_1200x600-copy-2-768x384.jpg 768w, https:\/\/institutfrancais.ro\/iasi\/wp-content\/uploads\/sites\/4\/2022\/12\/SITE_1200x600-copy-2.jpg 1200w\" sizes=\"auto, (max-width: 1024px) 100vw, 1024px\" \/><\/figure>\n\n\n\n<h2 class=\"wp-block-heading\">Cursuri individuale de limba francez\u0103 sau rom\u00e2n\u0103<\/h2>\n\n\n\n<p>Dori\u021bi s\u0103 \u00eenv\u0103\u021ba\u021bi limba francez\u0103 sau rom\u00e2n\u0103 face-to-face cu un profesor? Dori\u021bi s\u0103 recapitula\u0163i no\u021biunile de gramatic\u0103 abordate \u00eentr-un curs anterior&nbsp;? Dori\u021bi s\u0103 v\u0103 \u00eembun\u0103t\u0103\u021bi\u021bi abilit\u0103\u021bile de exprimare oral\u0103?<\/p>\n\n\n\n<p>O or\u0103 sau mai multe ore de curs individual!<\/p>\n\n\n\n<p>Iat\u0103 c\u00e2teva avantaje de care pute\u0163i dispune:<\/p>\n\n\n\n<ul class=\"wp-block-list\">\n<li>Con\u021binut \u0219i activit\u0103\u021bi personalizate;<\/li>\n\n\n\n<li>Metode moderne de predare adaptate nevoilor dumneavoastr\u0103, de exemplu, \u00eenv\u0103\u021barea se concentreaz\u0103 mai mult pe exprimare oral\u0103 sau pe gramatic\u0103;<\/li>\n\n\n\n<li>Un profesor cu experien\u021b\u0103 care este 100% disponibil pentru dumneavoastr\u0103;<\/li>\n\n\n\n<li>Flexibilitate \u00een alegerea zilelor \u0219i a orelor de curs chiar \u015fi \u00een weekend. Cursurile individuale se organizeaz\u0103 pe toat\u0103 perioada anului.<\/li>\n<\/ul>\n\n\n\n<p>Cursurile individuale accelereaz\u0103 procesul de \u00eenv\u0103\u021bare \u0219i ofer\u0103 \u0219ansa de a fi \u00een contact direct cu profesorul dumnevoastr\u0103 \u015fi a-i adresa \u00eentreb\u0103rile dumneavoastr\u0103!<\/p>\n\n\n\n<p>Publicul vizat: copii, adolescen\u021bi \u0219i adul\u021bi<br>Prezen\u0163\u0103 fizic\u0103 la sediul nostru sau online<\/p>\n\n\n\n<p>Ofert\u0103 personalizat\u0103&nbsp;: o reducere este oferit\u0103 studen\u0163ilor la achizi\u0163ionarea mai multor cursuri pe baza carnetului de student vizat la zi.<\/p>\n\n\n\n<p>Pentru mai multe informa\u021bii, contacta\u021bi-ne!<\/p>\n\n\n\n<p><\/p>\n","protected":false},"excerpt":{"rendered":"<p>Cursuri individuale de limba francez\u0103 sau rom\u00e2n\u0103 Dori\u021bi s\u0103 \u00eenv\u0103\u021ba\u021bi limba francez\u0103 sau rom\u00e2n\u0103 face-to-face cu un profesor? Dori\u021bi s\u0103 recapitula\u0163i no\u021biunile de gramatic\u0103 abordate \u00eentr-un curs anterior&nbsp;? Dori\u021bi s\u0103 v\u0103 \u00eembun\u0103t\u0103\u021bi\u021bi abilit\u0103\u021bile de exprimare oral\u0103? O or\u0103 sau mai multe ore de curs individual! Iat\u0103 c\u00e2teva avantaje de care pute\u0163i dispune: Cursurile individuale accelereaz\u0103 [&hellip;]<\/p>\n","protected":false},"author":10,"featured_media":6563,"comment_status":"open","ping_status":"open","sticky":false,"template":"","format":"standard","meta":{"footnotes":""},"categories":[15],"tags":[],"class_list":["post-3029","post","type-post","status-publish","format-standard","has-post-thumbnail","hentry","category-invata-franceza"],"_links":{"self":[{"href":"https:\/\/institutfrancais.ro\/iasi\/wp-json\/wp\/v2\/posts\/3029","targetHints":{"allow":["GET"]}}],"collection":[{"href":"https:\/\/institutfrancais.ro\/iasi\/wp-json\/wp\/v2\/posts"}],"about":[{"href":"https:\/\/institutfrancais.ro\/iasi\/wp-json\/wp\/v2\/types\/post"}],"author":[{"embeddable":true,"href":"https:\/\/institutfrancais.ro\/iasi\/wp-json\/wp\/v2\/users\/10"}],"replies":[{"embeddable":true,"href":"https:\/\/institutfrancais.ro\/iasi\/wp-json\/wp\/v2\/comments?post=3029"}],"version-history":[{"count":9,"href":"https:\/\/institutfrancais.ro\/iasi\/wp-json\/wp\/v2\/posts\/3029\/revisions"}],"predecessor-version":[{"id":6561,"href":"https:\/\/institutfrancais.ro\/iasi\/wp-json\/wp\/v2\/posts\/3029\/revisions\/6561"}],"wp:featuredmedia":[{"embeddable":true,"href":"https:\/\/institutfrancais.ro\/iasi\/wp-json\/wp\/v2\/media\/6563"}],"wp:attachment":[{"href":"https:\/\/institutfrancais.ro\/iasi\/wp-json\/wp\/v2\/media?parent=3029"}],"wp:term":[{"taxonomy":"category","embeddable":true,"href":"https:\/\/institutfrancais.ro\/iasi\/wp-json\/wp\/v2\/categories?post=3029"},{"taxonomy":"post_tag","embeddable":true,"href":"https:\/\/institutfrancais.ro\/iasi\/wp-json\/wp\/v2\/tags?post=3029"}],"curies":[{"name":"wp","href":"https:\/\/api.w.org\/{rel}","templated":true}]}}